{"id":58286,"date":"2023-02-28T17:12:06","date_gmt":"2023-02-28T23:12:06","guid":{"rendered":"https:\/\/interaccionnoticias.com.mx\/?p=58286"},"modified":"2023-02-28T17:12:11","modified_gmt":"2023-02-28T23:12:11","slug":"presentan-iniciativa-de-movilidad-y-seguridad-vial-con-perspectiva-de-genero-en-el-congreso-de-guerrero","status":"publish","type":"post","link":"https:\/\/www.interaccionnoticias.com.mx\/?p=58286","title":{"rendered":"Presentan iniciativa de Movilidad y Seguridad Vial con Perspectiva de G\u00e9nero, en el congreso de Guerrero"},"content":{"rendered":"\n<p><strong><em>&#8212; El colectivo 50+1, Cap\u00edtulo Guerrero se dice confiado en que ser\u00e1 ley<\/em><\/strong><\/p>\n\n\n\n<p><strong>Yasm\u00edn Garc\u00eda Chino<\/strong><\/p>\n\n\n\n<p>Chilpancingo, Gro., a 28 de febrero 2023.- Integrantes del Colectivo 50+1, Cap\u00edtulo Guerrero estuvieron presentes en la presentaci\u00f3n de la iniciativa \u201cMovilidad y Seguridad Vial con Perspectiva de G\u00e9nero\u201d, misma que fue expuesta por H\u00e9ctor Apreza Patr\u00f3n, coordinador de la fracci\u00f3n parlamentaria del PRI.<\/p>\n\n\n\n<p>La iniciativa fue presentada ante el Pleno del Congreso en julio de 2022, tiene el prop\u00f3sito de garantizar el derecho a la movilidad en condiciones de seguridad vial, accesibilidad, eficiencia, sostenibilidad, calidad, inclusi\u00f3n e igualdad.<\/p>\n\n\n\n<p>Dentro de sus objetivos, destaca el hecho de contribuir al cumplimiento de la pol\u00edtica de movilidad y seguridad vial aprobada por el Sistema Nacional de Movilidad y Seguridad Vial, as\u00ed como disminuir los impactos negativos sociales, de desigualdad, econ\u00f3micos, a la salud, las muertes y lesiones graves ocasionadas por siniestros.<\/p>\n\n\n\n<p>Despu\u00e9s de aprobarse la propuesta, los tres niveles de gobierno deben de impulsar pol\u00edticas p\u00fablicas y para garantizar la aplicaci\u00f3n, se debe de asignar presupuesto.<\/p>\n\n\n\n<p>Esta iniciativa forma parte de la reforma integral, donde adem\u00e1s de la Ley de Movilidad y Seguridad Vial del Estado de Guerrero, incluye la Reforma a la Constituci\u00f3n Pol\u00edtica del Estado de Guerrero; una reforma a la Ley de Transporte y Vialidad, as\u00ed como una reforma a la Ley de Asentamientos Humanos Ordenamiento Territorial y Desarrollo Urbano.<\/p>\n\n\n\n<p>Guadalupe G\u00f3mez Maganda, representante del Colectivo 50+1 Cap\u00edtulo Guerrero manifest\u00f3 que est\u00e1 confiada en que la iniciativa pronto ser\u00e1 ley, por lo que se comprometi\u00f3 a sumar esfuerzos con el poder legislativo.<\/p>\n\n\n\n<p>La diputada presidenta de la Junta de Coordinaci\u00f3n Pol\u00edtica (JUCOPO), Yoloczin Dom\u00ednguez Serna hizo un reconocimiento p\u00fablico al diputado H\u00e9ctor Apreza Patr\u00f3n, por impulsar pol\u00edticas publicas con perspectiva de g\u00e9nero.<\/p>\n\n\n\n<p>A esta presentaci\u00f3n realizada en las instalaciones del poder legislativo acudieron las diputadas y diputados Ana Lenis Res\u00e9ndiz Javier; Alicia Zamora Villalva, Gabriela Bernal Res\u00e9ndiz, Olaguer Hern\u00e1ndez Flores y Raymundo Garc\u00eda Guti\u00e9rrez, as\u00ed como la titular de la Unidad de G\u00e9nero del Congreso, Mayra Morales Tacuba y representantes del Club Rotario \u201cSentimientos de la Naci\u00f3n\u201d.<\/p>\n\n\n\n<figure class=\"wp-block-gallery columns-2 is-cropped wp-block-gallery-1 is-layout-flex wp-block-gallery-is-layout-flex\"><ul class=\"blocks-gallery-grid\"><li class=\"blocks-gallery-item\"><figure><img decoding=\"async\" src=\"data:image\/gif;base64,R0lGODlhAQABAIAAAAAAAP\/\/\/ywAAAAAAQABAAACAUwAOw==\" fifu-lazy=\"1\" fifu-data-sizes=\"auto\" fifu-data-srcset=\"https:\/\/i2.wp.com\/interaccionnoticias.com.mx\/wp-content\/uploads\/2023\/02\/230227-Movilidad-y-Seguridad-Vial-1-1024x683.jpg?ssl=1&w=75&resize=75&ssl=1 75w, https:\/\/i2.wp.com\/interaccionnoticias.com.mx\/wp-content\/uploads\/2023\/02\/230227-Movilidad-y-Seguridad-Vial-1-1024x683.jpg?ssl=1&w=100&resize=100&ssl=1 100w, https:\/\/i2.wp.com\/interaccionnoticias.com.mx\/wp-content\/uploads\/2023\/02\/230227-Movilidad-y-Seguridad-Vial-1-1024x683.jpg?ssl=1&w=150&resize=150&ssl=1 150w, https:\/\/i2.wp.com\/interaccionnoticias.com.mx\/wp-content\/uploads\/2023\/02\/230227-Movilidad-y-Seguridad-Vial-1-1024x683.jpg?ssl=1&w=240&resize=240&ssl=1 240w, https:\/\/i2.wp.com\/interaccionnoticias.com.mx\/wp-content\/uploads\/2023\/02\/230227-Movilidad-y-Seguridad-Vial-1-1024x683.jpg?ssl=1&w=320&resize=320&ssl=1 320w, https:\/\/i2.wp.com\/interaccionnoticias.com.mx\/wp-content\/uploads\/2023\/02\/230227-Movilidad-y-Seguridad-Vial-1-1024x683.jpg?ssl=1&w=500&resize=500&ssl=1 500w, https:\/\/i2.wp.com\/interaccionnoticias.com.mx\/wp-content\/uploads\/2023\/02\/230227-Movilidad-y-Seguridad-Vial-1-1024x683.jpg?ssl=1&w=640&resize=640&ssl=1 640w, https:\/\/i2.wp.com\/interaccionnoticias.com.mx\/wp-content\/uploads\/2023\/02\/230227-Movilidad-y-Seguridad-Vial-1-1024x683.jpg?ssl=1&w=800&resize=800&ssl=1 800w, https:\/\/i2.wp.com\/interaccionnoticias.com.mx\/wp-content\/uploads\/2023\/02\/230227-Movilidad-y-Seguridad-Vial-1-1024x683.jpg?ssl=1&w=1024&resize=1024&ssl=1 1024w, https:\/\/i2.wp.com\/interaccionnoticias.com.mx\/wp-content\/uploads\/2023\/02\/230227-Movilidad-y-Seguridad-Vial-1-1024x683.jpg?ssl=1&w=1280&resize=1280&ssl=1 1280w, https:\/\/i2.wp.com\/interaccionnoticias.com.mx\/wp-content\/uploads\/2023\/02\/230227-Movilidad-y-Seguridad-Vial-1-1024x683.jpg?ssl=1&w=1600&resize=1600&ssl=1 1600w\" fifu-data-src=\"https:\/\/i2.wp.com\/interaccionnoticias.com.mx\/wp-content\/uploads\/2023\/02\/230227-Movilidad-y-Seguridad-Vial-1-1024x683.jpg?ssl=1\" alt=\"\" data-id=\"58287\" data-full-url=\"https:\/\/interaccionnoticias.com.mx\/wp-content\/uploads\/2023\/02\/230227-Movilidad-y-Seguridad-Vial-1.jpg\" data-link=\"https:\/\/interaccionnoticias.com.mx\/?attachment_id=58287\" class=\"wp-image-58287\"\/><\/figure><\/li><li class=\"blocks-gallery-item\"><figure><img decoding=\"async\" src=\"data:image\/gif;base64,R0lGODlhAQABAIAAAAAAAP\/\/\/ywAAAAAAQABAAACAUwAOw==\" fifu-lazy=\"1\" fifu-data-sizes=\"auto\" fifu-data-srcset=\"https:\/\/i1.wp.com\/interaccionnoticias.com.mx\/wp-content\/uploads\/2023\/02\/230227-Movilidad-y-Seguridad-Vial-2-1024x683.jpg?ssl=1&w=75&resize=75&ssl=1 75w, https:\/\/i1.wp.com\/interaccionnoticias.com.mx\/wp-content\/uploads\/2023\/02\/230227-Movilidad-y-Seguridad-Vial-2-1024x683.jpg?ssl=1&w=100&resize=100&ssl=1 100w, https:\/\/i1.wp.com\/interaccionnoticias.com.mx\/wp-content\/uploads\/2023\/02\/230227-Movilidad-y-Seguridad-Vial-2-1024x683.jpg?ssl=1&w=150&resize=150&ssl=1 150w, https:\/\/i1.wp.com\/interaccionnoticias.com.mx\/wp-content\/uploads\/2023\/02\/230227-Movilidad-y-Seguridad-Vial-2-1024x683.jpg?ssl=1&w=240&resize=240&ssl=1 240w, https:\/\/i1.wp.com\/interaccionnoticias.com.mx\/wp-content\/uploads\/2023\/02\/230227-Movilidad-y-Seguridad-Vial-2-1024x683.jpg?ssl=1&w=320&resize=320&ssl=1 320w, https:\/\/i1.wp.com\/interaccionnoticias.com.mx\/wp-content\/uploads\/2023\/02\/230227-Movilidad-y-Seguridad-Vial-2-1024x683.jpg?ssl=1&w=500&resize=500&ssl=1 500w, https:\/\/i1.wp.com\/interaccionnoticias.com.mx\/wp-content\/uploads\/2023\/02\/230227-Movilidad-y-Seguridad-Vial-2-1024x683.jpg?ssl=1&w=640&resize=640&ssl=1 640w, https:\/\/i1.wp.com\/interaccionnoticias.com.mx\/wp-content\/uploads\/2023\/02\/230227-Movilidad-y-Seguridad-Vial-2-1024x683.jpg?ssl=1&w=800&resize=800&ssl=1 800w, https:\/\/i1.wp.com\/interaccionnoticias.com.mx\/wp-content\/uploads\/2023\/02\/230227-Movilidad-y-Seguridad-Vial-2-1024x683.jpg?ssl=1&w=1024&resize=1024&ssl=1 1024w, https:\/\/i1.wp.com\/interaccionnoticias.com.mx\/wp-content\/uploads\/2023\/02\/230227-Movilidad-y-Seguridad-Vial-2-1024x683.jpg?ssl=1&w=1280&resize=1280&ssl=1 1280w, https:\/\/i1.wp.com\/interaccionnoticias.com.mx\/wp-content\/uploads\/2023\/02\/230227-Movilidad-y-Seguridad-Vial-2-1024x683.jpg?ssl=1&w=1600&resize=1600&ssl=1 1600w\" fifu-data-src=\"https:\/\/i1.wp.com\/interaccionnoticias.com.mx\/wp-content\/uploads\/2023\/02\/230227-Movilidad-y-Seguridad-Vial-2-1024x683.jpg?ssl=1\" alt=\"\" data-id=\"58288\" data-full-url=\"https:\/\/interaccionnoticias.com.mx\/wp-content\/uploads\/2023\/02\/230227-Movilidad-y-Seguridad-Vial-2.jpg\" data-link=\"https:\/\/interaccionnoticias.com.mx\/?attachment_id=58288\" class=\"wp-image-58288\"\/><\/figure><\/li><\/ul><\/figure>\n","protected":false},"excerpt":{"rendered":"<p>&#8212; El colectivo 50+1, Cap\u00edtulo Guerrero se dice confiado en que ser\u00e1 ley Yasm\u00edn Garc\u00eda Chino Chilpancingo, Gro., a 28 de febrero 2023.- Integrantes del Colectivo 50+1, Cap\u00edtulo Guerrero estuvieron&hellip; <\/p>\n","protected":false},"author":32,"featured_media":58287,"comment_status":"open","ping_status":"open","sticky":false,"template":"","format":"standard","meta":{"fifu_image_url":"","fifu_image_alt":"","footnotes":""},"categories":[2],"tags":[],"class_list":["post-58286","post","type-post","status-publish","format-standard","has-post-thumbnail","hentry","category-congreso"],"_links":{"self":[{"href":"https:\/\/www.interaccionnoticias.com.mx\/index.php?rest_route=\/wp\/v2\/posts\/58286","targetHints":{"allow":["GET"]}}],"collection":[{"href":"https:\/\/www.interaccionnoticias.com.mx\/index.php?rest_route=\/wp\/v2\/posts"}],"about":[{"href":"https:\/\/www.interaccionnoticias.com.mx\/index.php?rest_route=\/wp\/v2\/types\/post"}],"author":[{"embeddable":true,"href":"https:\/\/www.interaccionnoticias.com.mx\/index.php?rest_route=\/wp\/v2\/users\/32"}],"replies":[{"embeddable":true,"href":"https:\/\/www.interaccionnoticias.com.mx\/index.php?rest_route=%2Fwp%2Fv2%2Fcomments&post=58286"}],"version-history":[{"count":1,"href":"https:\/\/www.interaccionnoticias.com.mx\/index.php?rest_route=\/wp\/v2\/posts\/58286\/revisions"}],"predecessor-version":[{"id":58289,"href":"https:\/\/www.interaccionnoticias.com.mx\/index.php?rest_route=\/wp\/v2\/posts\/58286\/revisions\/58289"}],"wp:featuredmedia":[{"embeddable":true,"href":"https:\/\/www.interaccionnoticias.com.mx\/index.php?rest_route=\/wp\/v2\/media\/58287"}],"wp:attachment":[{"href":"https:\/\/www.interaccionnoticias.com.mx\/index.php?rest_route=%2Fwp%2Fv2%2Fmedia&parent=58286"}],"wp:term":[{"taxonomy":"category","embeddable":true,"href":"https:\/\/www.interaccionnoticias.com.mx\/index.php?rest_route=%2Fwp%2Fv2%2Fcategories&post=58286"},{"taxonomy":"post_tag","embeddable":true,"href":"https:\/\/www.interaccionnoticias.com.mx\/index.php?rest_route=%2Fwp%2Fv2%2Ftags&post=58286"}],"curies":[{"name":"wp","href":"https:\/\/api.w.org\/{rel}","templated":true}]}}