{"id":58283,"date":"2023-02-28T17:09:39","date_gmt":"2023-02-28T23:09:39","guid":{"rendered":"https:\/\/interaccionnoticias.com.mx\/?p=58283"},"modified":"2023-02-28T17:09:44","modified_gmt":"2023-02-28T23:09:44","slug":"marcha-frente-popular-de-la-montana-fpm-en-chilpancingo","status":"publish","type":"post","link":"https:\/\/www.interaccionnoticias.com.mx\/?p=58283","title":{"rendered":"Marcha Frente Popular de la Monta\u00f1a (FPM) en Chilpancingo"},"content":{"rendered":"\n<p><strong>&#8212; Es el segundo d\u00eda de protestas en la capital de Guerrero<\/strong><\/p>\n\n\n\n<p><strong>Jes\u00fas Dorantes<\/strong><\/p>\n\n\n\n<p><strong>Chilpancingo, Gro.-<\/strong> Integrantes del Frente Popular de la Monta\u00f1a marcharon hasta las instalaciones del Instituto Guerrerense de la Infraestructura F\u00edsica Educativa (IGIFE), durante su segundo d\u00eda de protestas en demanda de obras y servicios p\u00fablicos.<\/p>\n\n\n\n<p>Pasado el mediod\u00eda del martes, el contingente integrado por habitantes de los municipios de Tlapa, Cochoapa, Metlat\u00f3noc y Cual\u00e1c, que arribaron a Chilpancingo el lunes 27 de febrero, marcharon desde Casa Guerrero hasta las instalaciones del IGIFE, ubicadas en la avenida L\u00e1zaro C\u00e1rdenas.<\/p>\n\n\n\n<p>El integrante del Frente Popular de la Monta\u00f1a, Pablo Ad\u00e1n D\u00edaz, asegur\u00f3 que hoy ten\u00edan una reuni\u00f3n programada, por lo que decidieron acudir en marcha, adem\u00e1s de reiterar que su movimiento es completamente pac\u00edfico.<\/p>\n\n\n\n<p>Manifestaron que siguen a la espera de que el gobierno estatal cumpla con obras pavimentaci\u00f3n de carreteras, agua potable, drenaje, construcci\u00f3n de escuelas y Centros de Salud, que se les ofrecieron desde el a\u00f1o anterior.<\/p>\n\n\n\n<p>Las manifestaciones van a seguir, de acuerdo con lo se\u00f1alado por los integrantes del FPM.<\/p>\n","protected":false},"excerpt":{"rendered":"<p>&#8212; Es el segundo d\u00eda de protestas en la capital de Guerrero Jes\u00fas Dorantes Chilpancingo, Gro.- Integrantes del Frente Popular de la Monta\u00f1a marcharon hasta las instalaciones del Instituto Guerrerense&hellip; <\/p>\n","protected":false},"author":8,"featured_media":58284,"comment_status":"open","ping_status":"open","sticky":false,"template":"","format":"standard","meta":{"fifu_image_url":"","fifu_image_alt":"","footnotes":""},"categories":[6],"tags":[],"class_list":["post-58283","post","type-post","status-publish","format-standard","has-post-thumbnail","hentry","category-educacion"],"_links":{"self":[{"href":"https:\/\/www.interaccionnoticias.com.mx\/index.php?rest_route=\/wp\/v2\/posts\/58283","targetHints":{"allow":["GET"]}}],"collection":[{"href":"https:\/\/www.interaccionnoticias.com.mx\/index.php?rest_route=\/wp\/v2\/posts"}],"about":[{"href":"https:\/\/www.interaccionnoticias.com.mx\/index.php?rest_route=\/wp\/v2\/types\/post"}],"author":[{"embeddable":true,"href":"https:\/\/www.interaccionnoticias.com.mx\/index.php?rest_route=\/wp\/v2\/users\/8"}],"replies":[{"embeddable":true,"href":"https:\/\/www.interaccionnoticias.com.mx\/index.php?rest_route=%2Fwp%2Fv2%2Fcomments&post=58283"}],"version-history":[{"count":1,"href":"https:\/\/www.interaccionnoticias.com.mx\/index.php?rest_route=\/wp\/v2\/posts\/58283\/revisions"}],"predecessor-version":[{"id":58285,"href":"https:\/\/www.interaccionnoticias.com.mx\/index.php?rest_route=\/wp\/v2\/posts\/58283\/revisions\/58285"}],"wp:featuredmedia":[{"embeddable":true,"href":"https:\/\/www.interaccionnoticias.com.mx\/index.php?rest_route=\/wp\/v2\/media\/58284"}],"wp:attachment":[{"href":"https:\/\/www.interaccionnoticias.com.mx\/index.php?rest_route=%2Fwp%2Fv2%2Fmedia&parent=58283"}],"wp:term":[{"taxonomy":"category","embeddable":true,"href":"https:\/\/www.interaccionnoticias.com.mx\/index.php?rest_route=%2Fwp%2Fv2%2Fcategories&post=58283"},{"taxonomy":"post_tag","embeddable":true,"href":"https:\/\/www.interaccionnoticias.com.mx\/index.php?rest_route=%2Fwp%2Fv2%2Ftags&post=58283"}],"curies":[{"name":"wp","href":"https:\/\/api.w.org\/{rel}","templated":true}]}}