{"id":58276,"date":"2023-02-28T12:40:35","date_gmt":"2023-02-28T18:40:35","guid":{"rendered":"https:\/\/interaccionnoticias.com.mx\/?p=58276"},"modified":"2023-02-28T12:40:40","modified_gmt":"2023-02-28T18:40:40","slug":"liberan-a-cuatro-autodefensas-de-buenavista-de-la-salud-pero-tres-permanecen-detenidos","status":"publish","type":"post","link":"https:\/\/www.interaccionnoticias.com.mx\/?p=58276","title":{"rendered":"Liberan a cuatro autodefensas de Buenavista de la Salud, pero tres permanecen detenidos"},"content":{"rendered":"\n<p><strong><em>La CRAC-PF y el CIPOG amagan con volver a tomar la base de operaciones, sobre la carretera federal<\/em><\/strong><\/p>\n\n\n\n<p><strong>Eduardo Yener Santos \/ CHILPANCINGO, Gro.,28 de febrero 2023<\/strong><\/p>\n\n\n\n<p>La Coordinadora Regional de Autoridades Comunitarias de los Pueblos Fundadores (CRAC-PF) de Buenavista de la Salud, en el municipio de Chilpancingo y el Consejo Ind\u00edgena y Popular de Guerrero Emiliano Zapata (Cipog-EZ) confirmaron la liberaci\u00f3n de cuatro de sus compa\u00f1eros detenidos el pasado 18 de febrero, pero advirtieron que volver\u00e1n a instalarse en la base ubicada en la carretera federal para exigir la liberaci\u00f3n de otros tres que permanecen presos<\/p>\n\n\n\n<p>A trav\u00e9s de un comunicado, la CRAC-PF y el CIPOG, dieron a conocer que sus compa\u00f1eros liberados abandonaron abandonaron el centro de readaptaci\u00f3n social de Chilpancingo.<\/p>\n\n\n\n<p>Sin embargo, se\u00f1alan que todav\u00eda permanecen presos tres de sus compa\u00f1eros, acusados de delitos federales, por eso es que han acordado movilizarse, tomar carreteras, y desplegar acciones coordinadas, para exigir la libertad de sus tres compa\u00f1eros.<\/p>\n\n\n\n<p>La detenci\u00f3n se registr\u00f3 al calor de una operaci\u00f3n de las fuerzas armadas y la Polic\u00eda del Estado, el pasado 18 de febrero.<\/p>\n\n\n\n<p>La CRAC-PF hab\u00eda asumido el control de la base de operaciones de Buenavista de la Salud, luego de que dicha localidad fuera abandonada por la Uni\u00f3n de Pueblos y Organizaciones del Estado de Guerrero (UPOEG).<\/p>\n","protected":false},"excerpt":{"rendered":"<p>La CRAC-PF y el CIPOG amagan con volver a tomar la base de operaciones, sobre la carretera federal Eduardo Yener Santos \/ CHILPANCINGO, Gro.,28 de febrero 2023 La Coordinadora Regional&hellip; <\/p>\n","protected":false},"author":31,"featured_media":58277,"comment_status":"open","ping_status":"open","sticky":false,"template":"","format":"standard","meta":{"fifu_image_url":"","fifu_image_alt":"","footnotes":""},"categories":[27],"tags":[],"class_list":["post-58276","post","type-post","status-publish","format-standard","has-post-thumbnail","hentry","category-seguridad-publica"],"_links":{"self":[{"href":"https:\/\/www.interaccionnoticias.com.mx\/index.php?rest_route=\/wp\/v2\/posts\/58276","targetHints":{"allow":["GET"]}}],"collection":[{"href":"https:\/\/www.interaccionnoticias.com.mx\/index.php?rest_route=\/wp\/v2\/posts"}],"about":[{"href":"https:\/\/www.interaccionnoticias.com.mx\/index.php?rest_route=\/wp\/v2\/types\/post"}],"author":[{"embeddable":true,"href":"https:\/\/www.interaccionnoticias.com.mx\/index.php?rest_route=\/wp\/v2\/users\/31"}],"replies":[{"embeddable":true,"href":"https:\/\/www.interaccionnoticias.com.mx\/index.php?rest_route=%2Fwp%2Fv2%2Fcomments&post=58276"}],"version-history":[{"count":1,"href":"https:\/\/www.interaccionnoticias.com.mx\/index.php?rest_route=\/wp\/v2\/posts\/58276\/revisions"}],"predecessor-version":[{"id":58278,"href":"https:\/\/www.interaccionnoticias.com.mx\/index.php?rest_route=\/wp\/v2\/posts\/58276\/revisions\/58278"}],"wp:featuredmedia":[{"embeddable":true,"href":"https:\/\/www.interaccionnoticias.com.mx\/index.php?rest_route=\/wp\/v2\/media\/58277"}],"wp:attachment":[{"href":"https:\/\/www.interaccionnoticias.com.mx\/index.php?rest_route=%2Fwp%2Fv2%2Fmedia&parent=58276"}],"wp:term":[{"taxonomy":"category","embeddable":true,"href":"https:\/\/www.interaccionnoticias.com.mx\/index.php?rest_route=%2Fwp%2Fv2%2Fcategories&post=58276"},{"taxonomy":"post_tag","embeddable":true,"href":"https:\/\/www.interaccionnoticias.com.mx\/index.php?rest_route=%2Fwp%2Fv2%2Ftags&post=58276"}],"curies":[{"name":"wp","href":"https:\/\/api.w.org\/{rel}","templated":true}]}}