{"id":58273,"date":"2023-02-28T12:28:23","date_gmt":"2023-02-28T18:28:23","guid":{"rendered":"https:\/\/interaccionnoticias.com.mx\/?p=58273"},"modified":"2023-02-28T21:11:05","modified_gmt":"2023-03-01T03:11:05","slug":"trabajadoras-en-paro-del-cobach-17-cumplen-dos-dias-de-paro-laboral","status":"publish","type":"post","link":"https:\/\/www.interaccionnoticias.com.mx\/?p=58273","title":{"rendered":"Trabajadoras en paro del COBACH \u2013 17 cumplen dos d\u00edas de paro laboral"},"content":{"rendered":"\n<p><em><strong>&#8212; Asisten a reuni\u00f3n con el director general, Jes\u00fas Villanueva Vega<\/strong><\/em><\/p>\n\n\n\n<p><strong>Jes\u00fas Dorantes<\/strong><\/p>\n\n\n\n<p><strong>Chilpancingo, Gro.- <\/strong>Docentes del plantel 17 del Colegio de Bachilleres (COBACH) ubicado en la comunidad de Ocotito, acudieron hasta la capital del estado durante su segundo d\u00eda de paro laboral para denunciar la reducci\u00f3n de horas frente a grupo, as\u00ed como el hostigamiento laboral de parte del director del plantel.<\/p>\n\n\n\n<p>La jornada del martes, un grupo de seis profesoras acudieron hasta las oficinas de la Direcci\u00f3n General del Colegio de Bachilleres, ubicadas en el primer cuadro de la capital del Estado, d\u00f3nde con pancartas en mano exigieron que se reinstale a la profesora Mar\u00eda del Carmen Bello \u00c1lvarez, as\u00ed como la revisi\u00f3n de otros casos.<\/p>\n\n\n\n<p>Entre los otros casos est\u00e1 el de la profesora Azucena Jim\u00e9nez Navarrete, quien confirm\u00f3 que el propio director del COBACH, Jes\u00fas Villanueva Vega los convoc\u00f3 a una reuni\u00f3n, en la que expondr\u00e1n m\u00e1s casos de violencia pol\u00edtica en raz\u00f3n de g\u00e9nero que se viven al interior del plantel.<\/p>\n\n\n\n<p>Adem\u00e1s de confirmar que si no se llegan a ning\u00fan acuerdo, se trasladar\u00e1n hasta la Autopista del Sol para cerrarla y presionar hasta que les resuelvan sus demandas.<\/p>\n","protected":false},"excerpt":{"rendered":"<p>&#8212; Asisten a reuni\u00f3n con el director general, Jes\u00fas Villanueva Vega Jes\u00fas Dorantes Chilpancingo, Gro.- Docentes del plantel 17 del Colegio de Bachilleres (COBACH) ubicado en la comunidad de Ocotito,&hellip; <\/p>\n","protected":false},"author":8,"featured_media":58304,"comment_status":"open","ping_status":"open","sticky":false,"template":"","format":"standard","meta":{"fifu_image_url":"","fifu_image_alt":"","footnotes":""},"categories":[6],"tags":[],"class_list":["post-58273","post","type-post","status-publish","format-standard","has-post-thumbnail","hentry","category-educacion"],"_links":{"self":[{"href":"https:\/\/www.interaccionnoticias.com.mx\/index.php?rest_route=\/wp\/v2\/posts\/58273","targetHints":{"allow":["GET"]}}],"collection":[{"href":"https:\/\/www.interaccionnoticias.com.mx\/index.php?rest_route=\/wp\/v2\/posts"}],"about":[{"href":"https:\/\/www.interaccionnoticias.com.mx\/index.php?rest_route=\/wp\/v2\/types\/post"}],"author":[{"embeddable":true,"href":"https:\/\/www.interaccionnoticias.com.mx\/index.php?rest_route=\/wp\/v2\/users\/8"}],"replies":[{"embeddable":true,"href":"https:\/\/www.interaccionnoticias.com.mx\/index.php?rest_route=%2Fwp%2Fv2%2Fcomments&post=58273"}],"version-history":[{"count":1,"href":"https:\/\/www.interaccionnoticias.com.mx\/index.php?rest_route=\/wp\/v2\/posts\/58273\/revisions"}],"predecessor-version":[{"id":58275,"href":"https:\/\/www.interaccionnoticias.com.mx\/index.php?rest_route=\/wp\/v2\/posts\/58273\/revisions\/58275"}],"wp:featuredmedia":[{"embeddable":true,"href":"https:\/\/www.interaccionnoticias.com.mx\/index.php?rest_route=\/wp\/v2\/media\/58304"}],"wp:attachment":[{"href":"https:\/\/www.interaccionnoticias.com.mx\/index.php?rest_route=%2Fwp%2Fv2%2Fmedia&parent=58273"}],"wp:term":[{"taxonomy":"category","embeddable":true,"href":"https:\/\/www.interaccionnoticias.com.mx\/index.php?rest_route=%2Fwp%2Fv2%2Fcategories&post=58273"},{"taxonomy":"post_tag","embeddable":true,"href":"https:\/\/www.interaccionnoticias.com.mx\/index.php?rest_route=%2Fwp%2Fv2%2Ftags&post=58273"}],"curies":[{"name":"wp","href":"https:\/\/api.w.org\/{rel}","templated":true}]}}