{"id":58263,"date":"2023-02-28T12:13:51","date_gmt":"2023-02-28T18:13:51","guid":{"rendered":"https:\/\/interaccionnoticias.com.mx\/?p=58263"},"modified":"2023-02-28T12:13:56","modified_gmt":"2023-02-28T18:13:56","slug":"diputada-sostiene-que-hay-grupos-de-personas-que-enganchan-a-menores-para-desaparecerlas","status":"publish","type":"post","link":"https:\/\/www.interaccionnoticias.com.mx\/?p=58263","title":{"rendered":"Diputada sostiene que hay grupos de personas que \u201cenganchan\u201d a menores para desaparecerlas"},"content":{"rendered":"\n<p><strong><em>&#8212; Almareli L\u00f3pez, de 15 a\u00f1os ya fue localizada en Azoy\u00fa<br>&#8212; Reconoce que hay m\u00e1s casos pendientes, pide otorgar el respaldo a las instituciones<\/em><\/strong><\/p>\n\n\n\n<p><strong>Rogelio Agust\u00edn<\/strong><\/p>\n\n\n\n<p>La diputada local por Morena, Beatriz Mojica Morga sostuvo que hay grupos de personas que enganchan a trav\u00e9s de redes sociales a jovencitas que luego son reportadas como desaparecidas, por eso reconoci\u00f3 la importancia de mecanismos como el Protocolo Violeta, que visibiliza y agiliza los procedimientos de b\u00fasqueda de las menores.<\/p>\n\n\n\n<p>La tarde del lunes 27 de febrero, la diputada Mojica Morga, junto con sus compa\u00f1eras Barben de la Cruz Santiago y Analenis Res\u00e9ndiz Javier, emitieron un llamado de alerta a trav\u00e9s de la p\u00e1gina oficial del Congreso, en el que mostraron la ficha de b\u00fasqueda de la menor Almareli L\u00f3pez Tapia.<\/p>\n\n\n\n<p>L\u00f3pez Tapia tiene 15 a\u00f1os de edad y no era localizada desde la tarde del domingo 26 de febrero en su natal Huehuet\u00e1n, municipio de Azoy\u00fa, en la Costa Chica.<\/p>\n\n\n\n<p>Las diputadas hicieron un pronunciamiento en contra de la desaparici\u00f3n de mujeres Afromexicanas, particularmente menores de edad.<\/p>\n\n\n\n<p>La ma\u00f1ana del martes 28, la diputada Mojica Morga dio a conocer a trav\u00e9s de sus redes sociales, que la peque\u00f1a Almareli hab\u00eda sido localizada y que ya estaba de regreso con su familia.<\/p>\n\n\n\n<p>Indic\u00f3 que la Alerta Violeta funcion\u00f3, porque moviliz\u00f3 r\u00e1pidamente a la Secretar\u00eda de Seguridad P\u00fablica (SSP), a las instancias municipales y tambi\u00e9n a la Fiscal\u00eda General del Estado (FGE).<\/p>\n\n\n\n<p>\u201cEl protocolo es muy importante, porque se dan muchos casos de ni\u00f1as desaparecidas, hay grupos que las enganchan a trav\u00e9s de las redes sociales y no sabemos con qu\u00e9 fin espec\u00edfico, pero s\u00ed hay una problem\u00e1tica muy profunda\u201d, anot\u00f3.<\/p>\n\n\n\n<p>Dijo que es importante que la poblaci\u00f3n se mantenga al pendiente y conf\u00ede en los mecanismos que las instituciones ponen a su disposici\u00f3n, para que haya m\u00e1s casos de \u00e9xito.<\/p>\n\n\n\n<p>Desde el 31 de enero, otra joven de origen afromexicano,<\/p>\n\n\n\n<p>Karen Melissa Pe\u00f1aloza se encuentra desaparecida, lo que incluso ha motivado el pronunciamiento de la Universidad Aut\u00f3noma de Guerrero (UAGro), donde estudia su licenciatura en Derecho.<\/p>\n\n\n\n<p>Karen Melissa es originaria de Cuajiniculapa, aunque su desaparici\u00f3n est\u00e1 registrada en Chilpancingo, en las inmediaciones de Ciudad Universitaria (CU) sur, donde tom\u00f3 un taxi para dirigirse al lugar donde se encontraba viviendo.<\/p>\n","protected":false},"excerpt":{"rendered":"<p>&#8212; Almareli L\u00f3pez, de 15 a\u00f1os ya fue localizada en Azoy\u00fa&#8212; Reconoce que hay m\u00e1s casos pendientes, pide otorgar el respaldo a las instituciones Rogelio Agust\u00edn La diputada local por&hellip; <\/p>\n","protected":false},"author":21,"featured_media":58247,"comment_status":"open","ping_status":"open","sticky":false,"template":"","format":"standard","meta":{"fifu_image_url":"","fifu_image_alt":"","footnotes":""},"categories":[2],"tags":[],"class_list":["post-58263","post","type-post","status-publish","format-standard","has-post-thumbnail","hentry","category-congreso"],"_links":{"self":[{"href":"https:\/\/www.interaccionnoticias.com.mx\/index.php?rest_route=\/wp\/v2\/posts\/58263","targetHints":{"allow":["GET"]}}],"collection":[{"href":"https:\/\/www.interaccionnoticias.com.mx\/index.php?rest_route=\/wp\/v2\/posts"}],"about":[{"href":"https:\/\/www.interaccionnoticias.com.mx\/index.php?rest_route=\/wp\/v2\/types\/post"}],"author":[{"embeddable":true,"href":"https:\/\/www.interaccionnoticias.com.mx\/index.php?rest_route=\/wp\/v2\/users\/21"}],"replies":[{"embeddable":true,"href":"https:\/\/www.interaccionnoticias.com.mx\/index.php?rest_route=%2Fwp%2Fv2%2Fcomments&post=58263"}],"version-history":[{"count":1,"href":"https:\/\/www.interaccionnoticias.com.mx\/index.php?rest_route=\/wp\/v2\/posts\/58263\/revisions"}],"predecessor-version":[{"id":58264,"href":"https:\/\/www.interaccionnoticias.com.mx\/index.php?rest_route=\/wp\/v2\/posts\/58263\/revisions\/58264"}],"wp:featuredmedia":[{"embeddable":true,"href":"https:\/\/www.interaccionnoticias.com.mx\/index.php?rest_route=\/wp\/v2\/media\/58247"}],"wp:attachment":[{"href":"https:\/\/www.interaccionnoticias.com.mx\/index.php?rest_route=%2Fwp%2Fv2%2Fmedia&parent=58263"}],"wp:term":[{"taxonomy":"category","embeddable":true,"href":"https:\/\/www.interaccionnoticias.com.mx\/index.php?rest_route=%2Fwp%2Fv2%2Fcategories&post=58263"},{"taxonomy":"post_tag","embeddable":true,"href":"https:\/\/www.interaccionnoticias.com.mx\/index.php?rest_route=%2Fwp%2Fv2%2Ftags&post=58263"}],"curies":[{"name":"wp","href":"https:\/\/api.w.org\/{rel}","templated":true}]}}