{"id":58250,"date":"2023-02-27T20:47:44","date_gmt":"2023-02-28T02:47:44","guid":{"rendered":"https:\/\/interaccionnoticias.com.mx\/?p=58250"},"modified":"2023-02-27T20:47:49","modified_gmt":"2023-02-28T02:47:49","slug":"alcaldes-de-region-centro-y-montana-baja-no-pidieron-medidas-especiales-de-seguridad","status":"publish","type":"post","link":"https:\/\/www.interaccionnoticias.com.mx\/?p=58250","title":{"rendered":"Alcaldes de regi\u00f3n Centro y Monta\u00f1a Baja no pidieron medidas especiales de seguridad"},"content":{"rendered":"\n<p><strong><em>&#8212; Duranta la sesi\u00f3n que encabez\u00f3 la gobernadora Evelyn Salgado<\/em><\/strong><\/p>\n\n\n\n<p><strong>Eduardo Yener Santos \/ CHILPANCINGO, Gro., 27 de febrero 2023<\/strong><\/p>\n\n\n\n<p>En Chilapa, se realiz\u00f3 la primera sesi\u00f3n de seguridad de la zona Centro de Guerrero que encabez\u00f3 la gobernadora Evelyn Salgado y, de acuerdo a trabajadores de comunicaci\u00f3n social de los alcaldes de esos municipios, los presidentes municipales no solicitaron medidas especiales para atenci\u00f3n de inseguridad<\/p>\n\n\n\n<p>El gobierno estatal, poste\u00f3 en sus cuentas de redes sociales, que este lunes la gobernadora Evelyn Salgado Pineda sesion\u00f3 en Chilapa con alcaldes de la regi\u00f3n Centro la mesa Coordinaci\u00f3n para la Construcci\u00f3n de la Paz, zona donde existe violencia e inseguridad por grupos delictivos<\/p>\n\n\n\n<p>Por fuentes oficiales se supo que a la sesi\u00f3n acudieron alcaldes de Chilapa, Zitlala, Tixtla, Jos\u00e9 Joaqu\u00edn de Herrera, Quechultenango y Mochitl\u00e1n y la junta tuvo lugar en la sede de la Guardia Nacional, a lado de hospital de Chilapa a cargo de ej\u00e9rcito en la v\u00eda Chilapa- Zitlala<\/p>\n\n\n\n<p>Consultados por separados, el director de comunicaci\u00f3n del Ayuntamiento de Chilapa, Marco Alfredo \u00c1ngel Morales asegur\u00f3 que el alcalde de ese municipio, Ady Estaba Rom\u00e1n no solicit\u00f3 ninguna medida de seguridad par Chilapa y solo se acot\u00f3 a recibir a la mandataria para que entregar\u00e1 apoyos de la Secretar\u00eda del Bienestar<\/p>\n\n\n\n<p>El alcalde de Zitlala, Rogelio Ramos Tecorral inform\u00f3 que para su municipio solicit\u00f3 apoyos por parte del gobierno estatal e indic\u00f3 que en ese lugar no ocurren hechos violentos e inseguridad a pesar que no cuentan con suficientes elementos de la polic\u00eda municipal<\/p>\n\n\n\n<p>El alcalde de Tixtla, Mois\u00e9s Antonio Caba\u00f1as Gonz\u00e1lez coment\u00f3 que \u00e9l toc\u00f3 el tema de inseguridad de su municipio por notas period\u00edsticas que medios de comunicaci\u00f3n de Chilpancingo han publicado, como el tema de mezcaleros que denuncian acoso, pero acus\u00f3 que es tema de los periodistas y no de temas centrales que seg\u00fan \u00e9l ocurran en Tixtla<\/p>\n\n\n\n<p>Esta mesa de seguridad que se desarroll\u00f3 en Chilapa es la primera junta que de acuerdo el gobierno del estado se desarrolla durante este 2023, en ese municipio donde hasta el momento p\u00fablicamente se sabe que hay dos j\u00f3venes desaparecidos<\/p>\n","protected":false},"excerpt":{"rendered":"<p>&#8212; Duranta la sesi\u00f3n que encabez\u00f3 la gobernadora Evelyn Salgado Eduardo Yener Santos \/ CHILPANCINGO, Gro., 27 de febrero 2023 En Chilapa, se realiz\u00f3 la primera sesi\u00f3n de seguridad de&hellip; <\/p>\n","protected":false},"author":31,"featured_media":58251,"comment_status":"open","ping_status":"open","sticky":false,"template":"","format":"standard","meta":{"fifu_image_url":"","fifu_image_alt":"","footnotes":""},"categories":[27],"tags":[],"class_list":["post-58250","post","type-post","status-publish","format-standard","has-post-thumbnail","hentry","category-seguridad-publica"],"_links":{"self":[{"href":"https:\/\/www.interaccionnoticias.com.mx\/index.php?rest_route=\/wp\/v2\/posts\/58250","targetHints":{"allow":["GET"]}}],"collection":[{"href":"https:\/\/www.interaccionnoticias.com.mx\/index.php?rest_route=\/wp\/v2\/posts"}],"about":[{"href":"https:\/\/www.interaccionnoticias.com.mx\/index.php?rest_route=\/wp\/v2\/types\/post"}],"author":[{"embeddable":true,"href":"https:\/\/www.interaccionnoticias.com.mx\/index.php?rest_route=\/wp\/v2\/users\/31"}],"replies":[{"embeddable":true,"href":"https:\/\/www.interaccionnoticias.com.mx\/index.php?rest_route=%2Fwp%2Fv2%2Fcomments&post=58250"}],"version-history":[{"count":1,"href":"https:\/\/www.interaccionnoticias.com.mx\/index.php?rest_route=\/wp\/v2\/posts\/58250\/revisions"}],"predecessor-version":[{"id":58252,"href":"https:\/\/www.interaccionnoticias.com.mx\/index.php?rest_route=\/wp\/v2\/posts\/58250\/revisions\/58252"}],"wp:featuredmedia":[{"embeddable":true,"href":"https:\/\/www.interaccionnoticias.com.mx\/index.php?rest_route=\/wp\/v2\/media\/58251"}],"wp:attachment":[{"href":"https:\/\/www.interaccionnoticias.com.mx\/index.php?rest_route=%2Fwp%2Fv2%2Fmedia&parent=58250"}],"wp:term":[{"taxonomy":"category","embeddable":true,"href":"https:\/\/www.interaccionnoticias.com.mx\/index.php?rest_route=%2Fwp%2Fv2%2Fcategories&post=58250"},{"taxonomy":"post_tag","embeddable":true,"href":"https:\/\/www.interaccionnoticias.com.mx\/index.php?rest_route=%2Fwp%2Fv2%2Ftags&post=58250"}],"curies":[{"name":"wp","href":"https:\/\/api.w.org\/{rel}","templated":true}]}}