{"id":58246,"date":"2023-02-27T18:48:09","date_gmt":"2023-02-28T00:48:09","guid":{"rendered":"https:\/\/interaccionnoticias.com.mx\/?p=58246"},"modified":"2023-02-27T18:48:14","modified_gmt":"2023-02-28T00:48:14","slug":"diputadas-exigen-la-localizacion-inmediata-de-menor-de-15-ano-desaparecida-en-costa-chica","status":"publish","type":"post","link":"https:\/\/www.interaccionnoticias.com.mx\/?p=58246","title":{"rendered":"Diputadas exigen la localizaci\u00f3n inmediata de menor de 15 a\u00f1o, desaparecida en Costa Chica"},"content":{"rendered":"\n<p><strong><em>&#8212; \u201cNi una mujer ni ni\u00f1a afromexicana desaparecida m\u00e1s\u201d, reclaman las representantes populares de MORENA y del PAN<\/em><\/strong><\/p>\n\n\n\n<p><strong>Rogelio Agust\u00edn<\/strong><\/p>\n\n\n\n<p>Cuatro diputadas de origen afromexicano se pronunciaron a favor de que la menor de 15 a\u00f1os, Almareli L\u00f3pez Tapia sea localizada con vida cuanto antes, ya que desde la jornada del domingo 26 de febrero fue reportada como desaparecida.<\/p>\n\n\n\n<p>Marben de la Cruz Santiago; Beatriz Mojica Morga, Claudia Sierra L\u00f3pez y Analenis Res\u00e9ndiz Javier, emitieron un pronunciamiento conjunto desde las instalaciones del Congreso local.<\/p>\n\n\n\n<p>Las representantes populares, tres integrantes del grupo parlamentario de MORENA y una del PAN, mostraron la ficha de b\u00fasqueda que ya emiti\u00f3 el Protocolo Violeta, lo que activa los mecanismos en el que participan todas las instituciones que existen en el estado de Guerrero.<\/p>\n\n\n\n<p>Se trata de Almareli L\u00f3pez Tapia, una menor de 15 a\u00f1os, quien desde el domingo 26 de febrero no se ha localizado, luego de que se le viera por \u00faltima ocasi\u00f3n en su lugar de origen, Huehuet\u00e1n, municipio de Azoy\u00fa.<\/p>\n\n\n\n<p>\u201cElla desapareci\u00f3 en Huehuet\u00e1n, hasta hoy lunes por la tarde todav\u00eda no sabemos de ella\u201d, dijo la diputada Marben de la Cruz.<\/p>\n\n\n\n<p>Beatriz Mojica se refiri\u00f3 a la peque\u00f1a como \u201cnuestra amiga, nuestra hermana afromexicana\u201d, pero adem\u00e1s solicit\u00f3 que el protocolo violeta funcione adecuadamente.<\/p>\n\n\n\n<p>Analenis Res\u00e9ndiz, del PAN, dijo que \u201cya no queremos m\u00e1s mujeres ni ni\u00f1as desaparecidas en la Costa Chica, en la zona Afro\u201d.<\/p>\n\n\n\n<p>Marben de la Cruz pidi\u00f3 que se detenga la discriminaci\u00f3n y el racismo, pero adem\u00e1s, se pronunci\u00f3 en contra de que \u201cvayan a querer cortar nuestros sue\u00f1os y nos quieran desaparecer\u201d.<\/p>\n\n\n\n<div class=\"wp-block-jetpack-slideshow aligncenter\" data-effect=\"slide\"><div class=\"wp-block-jetpack-slideshow_container swiper-container\"><ul class=\"wp-block-jetpack-slideshow_swiper-wrapper swiper-wrapper\"><li class=\"wp-block-jetpack-slideshow_slide swiper-slide\"><figure><img decoding=\"async\" src=\"data:image\/gif;base64,R0lGODlhAQABAIAAAAAAAP\/\/\/ywAAAAAAQABAAACAUwAOw==\" fifu-lazy=\"1\" fifu-data-sizes=\"auto\" fifu-data-srcset=\"https:\/\/i1.wp.com\/interaccionnoticias.com.mx\/wp-content\/uploads\/2023\/02\/230227-Diputadas-exigen-1-1024x683.jpg?ssl=1&w=75&resize=75&ssl=1 75w, https:\/\/i1.wp.com\/interaccionnoticias.com.mx\/wp-content\/uploads\/2023\/02\/230227-Diputadas-exigen-1-1024x683.jpg?ssl=1&w=100&resize=100&ssl=1 100w, https:\/\/i1.wp.com\/interaccionnoticias.com.mx\/wp-content\/uploads\/2023\/02\/230227-Diputadas-exigen-1-1024x683.jpg?ssl=1&w=150&resize=150&ssl=1 150w, https:\/\/i1.wp.com\/interaccionnoticias.com.mx\/wp-content\/uploads\/2023\/02\/230227-Diputadas-exigen-1-1024x683.jpg?ssl=1&w=240&resize=240&ssl=1 240w, https:\/\/i1.wp.com\/interaccionnoticias.com.mx\/wp-content\/uploads\/2023\/02\/230227-Diputadas-exigen-1-1024x683.jpg?ssl=1&w=320&resize=320&ssl=1 320w, https:\/\/i1.wp.com\/interaccionnoticias.com.mx\/wp-content\/uploads\/2023\/02\/230227-Diputadas-exigen-1-1024x683.jpg?ssl=1&w=500&resize=500&ssl=1 500w, https:\/\/i1.wp.com\/interaccionnoticias.com.mx\/wp-content\/uploads\/2023\/02\/230227-Diputadas-exigen-1-1024x683.jpg?ssl=1&w=640&resize=640&ssl=1 640w, https:\/\/i1.wp.com\/interaccionnoticias.com.mx\/wp-content\/uploads\/2023\/02\/230227-Diputadas-exigen-1-1024x683.jpg?ssl=1&w=800&resize=800&ssl=1 800w, https:\/\/i1.wp.com\/interaccionnoticias.com.mx\/wp-content\/uploads\/2023\/02\/230227-Diputadas-exigen-1-1024x683.jpg?ssl=1&w=1024&resize=1024&ssl=1 1024w, https:\/\/i1.wp.com\/interaccionnoticias.com.mx\/wp-content\/uploads\/2023\/02\/230227-Diputadas-exigen-1-1024x683.jpg?ssl=1&w=1280&resize=1280&ssl=1 1280w, https:\/\/i1.wp.com\/interaccionnoticias.com.mx\/wp-content\/uploads\/2023\/02\/230227-Diputadas-exigen-1-1024x683.jpg?ssl=1&w=1600&resize=1600&ssl=1 1600w\" alt=\"\" class=\"wp-block-jetpack-slideshow_image wp-image-58248\" data-id=\"58248\" fifu-data-src=\"https:\/\/i1.wp.com\/interaccionnoticias.com.mx\/wp-content\/uploads\/2023\/02\/230227-Diputadas-exigen-1-1024x683.jpg?ssl=1\"\/><\/figure><\/li><li class=\"wp-block-jetpack-slideshow_slide swiper-slide\"><figure><img decoding=\"async\" src=\"data:image\/gif;base64,R0lGODlhAQABAIAAAAAAAP\/\/\/ywAAAAAAQABAAACAUwAOw==\" fifu-lazy=\"1\" fifu-data-sizes=\"auto\" fifu-data-srcset=\"https:\/\/i2.wp.com\/interaccionnoticias.com.mx\/wp-content\/uploads\/2023\/02\/230227-Diputadas-exigen-2-1024x683.jpg?ssl=1&w=75&resize=75&ssl=1 75w, https:\/\/i2.wp.com\/interaccionnoticias.com.mx\/wp-content\/uploads\/2023\/02\/230227-Diputadas-exigen-2-1024x683.jpg?ssl=1&w=100&resize=100&ssl=1 100w, https:\/\/i2.wp.com\/interaccionnoticias.com.mx\/wp-content\/uploads\/2023\/02\/230227-Diputadas-exigen-2-1024x683.jpg?ssl=1&w=150&resize=150&ssl=1 150w, https:\/\/i2.wp.com\/interaccionnoticias.com.mx\/wp-content\/uploads\/2023\/02\/230227-Diputadas-exigen-2-1024x683.jpg?ssl=1&w=240&resize=240&ssl=1 240w, https:\/\/i2.wp.com\/interaccionnoticias.com.mx\/wp-content\/uploads\/2023\/02\/230227-Diputadas-exigen-2-1024x683.jpg?ssl=1&w=320&resize=320&ssl=1 320w, https:\/\/i2.wp.com\/interaccionnoticias.com.mx\/wp-content\/uploads\/2023\/02\/230227-Diputadas-exigen-2-1024x683.jpg?ssl=1&w=500&resize=500&ssl=1 500w, https:\/\/i2.wp.com\/interaccionnoticias.com.mx\/wp-content\/uploads\/2023\/02\/230227-Diputadas-exigen-2-1024x683.jpg?ssl=1&w=640&resize=640&ssl=1 640w, https:\/\/i2.wp.com\/interaccionnoticias.com.mx\/wp-content\/uploads\/2023\/02\/230227-Diputadas-exigen-2-1024x683.jpg?ssl=1&w=800&resize=800&ssl=1 800w, https:\/\/i2.wp.com\/interaccionnoticias.com.mx\/wp-content\/uploads\/2023\/02\/230227-Diputadas-exigen-2-1024x683.jpg?ssl=1&w=1024&resize=1024&ssl=1 1024w, https:\/\/i2.wp.com\/interaccionnoticias.com.mx\/wp-content\/uploads\/2023\/02\/230227-Diputadas-exigen-2-1024x683.jpg?ssl=1&w=1280&resize=1280&ssl=1 1280w, https:\/\/i2.wp.com\/interaccionnoticias.com.mx\/wp-content\/uploads\/2023\/02\/230227-Diputadas-exigen-2-1024x683.jpg?ssl=1&w=1600&resize=1600&ssl=1 1600w\" alt=\"\" class=\"wp-block-jetpack-slideshow_image wp-image-58247\" data-id=\"58247\" fifu-data-src=\"https:\/\/i2.wp.com\/interaccionnoticias.com.mx\/wp-content\/uploads\/2023\/02\/230227-Diputadas-exigen-2-1024x683.jpg?ssl=1\"\/><\/figure><\/li><\/ul><a class=\"wp-block-jetpack-slideshow_button-prev swiper-button-prev swiper-button-white\" role=\"button\"><\/a><a class=\"wp-block-jetpack-slideshow_button-next swiper-button-next swiper-button-white\" role=\"button\"><\/a><a aria-label=\"Pause Slideshow\" class=\"wp-block-jetpack-slideshow_button-pause\" role=\"button\"><\/a><div class=\"wp-block-jetpack-slideshow_pagination swiper-pagination swiper-pagination-white\"><\/div><\/div><\/div>\n","protected":false},"excerpt":{"rendered":"<p>&#8212; \u201cNi una mujer ni ni\u00f1a afromexicana desaparecida m\u00e1s\u201d, reclaman las representantes populares de MORENA y del PAN Rogelio Agust\u00edn Cuatro diputadas de origen afromexicano se pronunciaron a favor de&hellip; <\/p>\n","protected":false},"author":21,"featured_media":58248,"comment_status":"open","ping_status":"open","sticky":false,"template":"","format":"standard","meta":{"fifu_image_url":"","fifu_image_alt":"","footnotes":""},"categories":[2],"tags":[],"class_list":["post-58246","post","type-post","status-publish","format-standard","has-post-thumbnail","hentry","category-congreso"],"_links":{"self":[{"href":"https:\/\/www.interaccionnoticias.com.mx\/index.php?rest_route=\/wp\/v2\/posts\/58246","targetHints":{"allow":["GET"]}}],"collection":[{"href":"https:\/\/www.interaccionnoticias.com.mx\/index.php?rest_route=\/wp\/v2\/posts"}],"about":[{"href":"https:\/\/www.interaccionnoticias.com.mx\/index.php?rest_route=\/wp\/v2\/types\/post"}],"author":[{"embeddable":true,"href":"https:\/\/www.interaccionnoticias.com.mx\/index.php?rest_route=\/wp\/v2\/users\/21"}],"replies":[{"embeddable":true,"href":"https:\/\/www.interaccionnoticias.com.mx\/index.php?rest_route=%2Fwp%2Fv2%2Fcomments&post=58246"}],"version-history":[{"count":1,"href":"https:\/\/www.interaccionnoticias.com.mx\/index.php?rest_route=\/wp\/v2\/posts\/58246\/revisions"}],"predecessor-version":[{"id":58249,"href":"https:\/\/www.interaccionnoticias.com.mx\/index.php?rest_route=\/wp\/v2\/posts\/58246\/revisions\/58249"}],"wp:featuredmedia":[{"embeddable":true,"href":"https:\/\/www.interaccionnoticias.com.mx\/index.php?rest_route=\/wp\/v2\/media\/58248"}],"wp:attachment":[{"href":"https:\/\/www.interaccionnoticias.com.mx\/index.php?rest_route=%2Fwp%2Fv2%2Fmedia&parent=58246"}],"wp:term":[{"taxonomy":"category","embeddable":true,"href":"https:\/\/www.interaccionnoticias.com.mx\/index.php?rest_route=%2Fwp%2Fv2%2Fcategories&post=58246"},{"taxonomy":"post_tag","embeddable":true,"href":"https:\/\/www.interaccionnoticias.com.mx\/index.php?rest_route=%2Fwp%2Fv2%2Ftags&post=58246"}],"curies":[{"name":"wp","href":"https:\/\/api.w.org\/{rel}","templated":true}]}}