{"id":58243,"date":"2023-02-27T18:42:07","date_gmt":"2023-02-28T00:42:07","guid":{"rendered":"https:\/\/interaccionnoticias.com.mx\/?p=58243"},"modified":"2023-02-27T18:42:12","modified_gmt":"2023-02-28T00:42:12","slug":"no-hay-paro-laboral-en-el-congreso-local-solo-toma-de-una-vialidad","status":"publish","type":"post","link":"https:\/\/www.interaccionnoticias.com.mx\/?p=58243","title":{"rendered":"No hay paro laboral en el Congreso Local, solo toma de una vialidad"},"content":{"rendered":"\n<p><strong><em>&#8212; El despido de dos trabajadores no es represalia por el paro anterior, asegura Andr\u00e9s Orozco<\/em><\/strong><\/p>\n\n\n\n<p><strong>Rosario Garc\u00eda Orozco<\/strong><\/p>\n\n\n\n<p><strong>Chilpancingo, Gro., 27 de febrero del 2023.- <\/strong>En conferencia de prensa, Andr\u00e9s Orozco Pintos, secretario de Servicios Financieros y Administrativos, y Juanita Avil\u00e9s Rodr\u00edguez, Sub Directora de Recursos Humanos del Poder Legislativo, negaron que haya un paro laboral en el Congreso Local por parte de los trabajadores integrantes del Sindicato Intependiente \u00abSentimientos de la Nacion\u00bb, porque aseguraron que las actividades se realizan de manera normal al interior del edificio legislativo.<\/p>\n\n\n\n<p>\u00abNo es un paro laboral, se trata de una protesta para exigir la reinstalaci\u00f3n de dos trabajadores, pero las actividades se realizan de manera normal en el edificio legislativo, salvo que no hay acceso a los veh\u00edculos hacia el estacionamiento, porque los manifestantes mantienen bloqueada la calle\u00bb, asegur\u00f3 Orozco Pintos.<\/p>\n\n\n\n<p>Agreg\u00f3 que los dos trabajadores que fueron dados de baja, Ram\u00f3n N\u00fa\u00f1ez Campos y Alondra Itzel Reza Arzola, \u00abcoincidentemente\u00bb pertenecen al sindicato Sentimientos de la Naci\u00f3n, pero que, en el caso de Ram\u00f3n N\u00fa\u00f1ez, desde el 15 de febrero la Secretar\u00eda General de la secci\u00f3n 55 del Sindicato \u00danico de Servidores P\u00fablicos del Estado de Guerrero (SUSPEG), Mar\u00eda Teresa Abarca Romero, solicit\u00f3 \u00abque sea cambiado el encargado de manejar la unidad m\u00f3vil (una camioneta que tienen para traslado de trabajadores del Congreso), toda vez que han surgido inconformidades de la clase trabajadora\u00bb, por lo que el empleado fue puesto a disposici\u00f3n de Recursos Humanos.<\/p>\n\n\n\n<p>Por su parte, Juanita Avil\u00e9s, dio a conocer que el viernes pasado durante una reuni\u00f3n que sostuvieron con los representantes del Sindicato Independiente, \u00abellos pusieron en la mesa que para poder avanzar con el di\u00e1logo deb\u00edamos reinstalar en sus cargos a los dos trabajadores, y les dijimos que no eran puntos a negociar, que no formaban parte de su minuta\u00bb.<\/p>\n\n\n\n<p>Explic\u00f3 que tras ser puesto a disposici\u00f3n del \u00e1rea de Recursos Humanos, y por no contar con plaza de ch\u00f3fer, con 10 meses de trabajo fue dado de baja.<\/p>\n\n\n\n<p>Para el caso de Alondra Itzel Reza, estaba asignada al \u00e1rea de Relaciones P\u00fablicas, pero fue puesta a disposici\u00f3n de Recursos Humanos, porque \u00abya hab\u00eda una serie de llamadas de atenci\u00f3n y no hac\u00eda caso\u00bb.<\/p>\n\n\n\n<p>Finalmente explic\u00f3 que por no afectar a los trab ajadores no se levantaron en su momento actas administrativas, pero s\u00ed hab\u00eda quejas de incidencias en las \u00e1reas en las que estaban asignadas.<\/p>\n","protected":false},"excerpt":{"rendered":"<p>&#8212; El despido de dos trabajadores no es represalia por el paro anterior, asegura Andr\u00e9s Orozco Rosario Garc\u00eda Orozco Chilpancingo, Gro., 27 de febrero del 2023.- En conferencia de prensa,&hellip; <\/p>\n","protected":false},"author":14,"featured_media":58244,"comment_status":"open","ping_status":"open","sticky":false,"template":"","format":"standard","meta":{"fifu_image_url":"","fifu_image_alt":"","footnotes":""},"categories":[2],"tags":[],"class_list":["post-58243","post","type-post","status-publish","format-standard","has-post-thumbnail","hentry","category-congreso"],"_links":{"self":[{"href":"https:\/\/www.interaccionnoticias.com.mx\/index.php?rest_route=\/wp\/v2\/posts\/58243","targetHints":{"allow":["GET"]}}],"collection":[{"href":"https:\/\/www.interaccionnoticias.com.mx\/index.php?rest_route=\/wp\/v2\/posts"}],"about":[{"href":"https:\/\/www.interaccionnoticias.com.mx\/index.php?rest_route=\/wp\/v2\/types\/post"}],"author":[{"embeddable":true,"href":"https:\/\/www.interaccionnoticias.com.mx\/index.php?rest_route=\/wp\/v2\/users\/14"}],"replies":[{"embeddable":true,"href":"https:\/\/www.interaccionnoticias.com.mx\/index.php?rest_route=%2Fwp%2Fv2%2Fcomments&post=58243"}],"version-history":[{"count":1,"href":"https:\/\/www.interaccionnoticias.com.mx\/index.php?rest_route=\/wp\/v2\/posts\/58243\/revisions"}],"predecessor-version":[{"id":58245,"href":"https:\/\/www.interaccionnoticias.com.mx\/index.php?rest_route=\/wp\/v2\/posts\/58243\/revisions\/58245"}],"wp:featuredmedia":[{"embeddable":true,"href":"https:\/\/www.interaccionnoticias.com.mx\/index.php?rest_route=\/wp\/v2\/media\/58244"}],"wp:attachment":[{"href":"https:\/\/www.interaccionnoticias.com.mx\/index.php?rest_route=%2Fwp%2Fv2%2Fmedia&parent=58243"}],"wp:term":[{"taxonomy":"category","embeddable":true,"href":"https:\/\/www.interaccionnoticias.com.mx\/index.php?rest_route=%2Fwp%2Fv2%2Fcategories&post=58243"},{"taxonomy":"post_tag","embeddable":true,"href":"https:\/\/www.interaccionnoticias.com.mx\/index.php?rest_route=%2Fwp%2Fv2%2Ftags&post=58243"}],"curies":[{"name":"wp","href":"https:\/\/api.w.org\/{rel}","templated":true}]}}