{"id":58240,"date":"2023-02-27T18:36:10","date_gmt":"2023-02-28T00:36:10","guid":{"rendered":"https:\/\/interaccionnoticias.com.mx\/?p=58240"},"modified":"2023-02-27T18:36:14","modified_gmt":"2023-02-28T00:36:14","slug":"guerrero-ya-no-es-casa-de-impunidad-para-el-crimen-senala-comision-de-seguridad-del-congreso","status":"publish","type":"post","link":"https:\/\/www.interaccionnoticias.com.mx\/?p=58240","title":{"rendered":"\u201cGuerrero ya no es casa de impunidad para el crimen\u201d, se\u00f1ala Comisi\u00f3n de Seguridad del Congreso"},"content":{"rendered":"\n<p><strong><em>&#8212; Muchos de los generadores de violencia ya no est\u00e1n en Guerrero, asegura Joaqu\u00edn Badillo Escamilla<\/em><\/strong><\/p>\n\n\n\n<p><strong>Rogelio Agust\u00edn<\/strong><\/p>\n\n\n\n<p>El presidente de la Comisi\u00f3n de Seguridad P\u00fablica del Congreso local, Joaqu\u00edn Badillo Escamilla asegur\u00f3 que Guerrero ya no es \u201ccasa de impunidad\u201d de los l\u00edderes del crimen organizado.<\/p>\n\n\n\n<p>V\u00eda telef\u00f3nica, Badillo Escamilla sostuvo que la detenci\u00f3n de objetivos prioritarios, como el dirigente de la autodefensa del Ocotito, Jos\u00e9 \u201cDeivid\u201d Barrientos Salazar, demuestran que a la mayor\u00eda de los generadores de violencia en la entidad \u201cse les sigue la pista de cerca\u201d.<\/p>\n\n\n\n<p>\u201cComo se dice coloquialmente, se les est\u00e1 soplando en la nuca o en la espalda\u201d, asever\u00f3 el legislador local, al hablar de que los l\u00edderes de diferentes grupos delictivos actualmente son objeto de persecuci\u00f3n al m\u00e1s alto nivel.<\/p>\n\n\n\n<p>Respecto a las razones por las que no se han logrado las detenciones que se reclaman, indic\u00f3 que probablemente, se debe a que \u201cmuchas de estas personas\u201d ya no est\u00e1n en Guerrero.<\/p>\n\n\n\n<p>Y sostuvo: \u201cEsta ya no es su casa de impunidad, como estaban acostumbrados\u201d.<\/p>\n\n\n\n<p>Sin embargo, destac\u00f3 como el caso del dirigente de la autodefensa que operaba en Ocotito, dejan en claro que hay trabajos coordinados, que derivado del seguimiento correspondiente permiten la detenci\u00f3n de objetivos que son considerados como prioritarios.<\/p>\n\n\n\n<p>Joaqu\u00edn Badillo reconoci\u00f3 que el problema de la inseguridad es grave, pero indic\u00f3 que no es exclusivo de Guerrero, pues impacta en muchas partes del pa\u00eds y del mundo.<\/p>\n","protected":false},"excerpt":{"rendered":"<p>&#8212; Muchos de los generadores de violencia ya no est\u00e1n en Guerrero, asegura Joaqu\u00edn Badillo Escamilla Rogelio Agust\u00edn El presidente de la Comisi\u00f3n de Seguridad P\u00fablica del Congreso local, Joaqu\u00edn&hellip; <\/p>\n","protected":false},"author":21,"featured_media":58241,"comment_status":"open","ping_status":"open","sticky":false,"template":"","format":"standard","meta":{"fifu_image_url":"","fifu_image_alt":"","footnotes":""},"categories":[2],"tags":[],"class_list":["post-58240","post","type-post","status-publish","format-standard","has-post-thumbnail","hentry","category-congreso"],"_links":{"self":[{"href":"https:\/\/www.interaccionnoticias.com.mx\/index.php?rest_route=\/wp\/v2\/posts\/58240","targetHints":{"allow":["GET"]}}],"collection":[{"href":"https:\/\/www.interaccionnoticias.com.mx\/index.php?rest_route=\/wp\/v2\/posts"}],"about":[{"href":"https:\/\/www.interaccionnoticias.com.mx\/index.php?rest_route=\/wp\/v2\/types\/post"}],"author":[{"embeddable":true,"href":"https:\/\/www.interaccionnoticias.com.mx\/index.php?rest_route=\/wp\/v2\/users\/21"}],"replies":[{"embeddable":true,"href":"https:\/\/www.interaccionnoticias.com.mx\/index.php?rest_route=%2Fwp%2Fv2%2Fcomments&post=58240"}],"version-history":[{"count":1,"href":"https:\/\/www.interaccionnoticias.com.mx\/index.php?rest_route=\/wp\/v2\/posts\/58240\/revisions"}],"predecessor-version":[{"id":58242,"href":"https:\/\/www.interaccionnoticias.com.mx\/index.php?rest_route=\/wp\/v2\/posts\/58240\/revisions\/58242"}],"wp:featuredmedia":[{"embeddable":true,"href":"https:\/\/www.interaccionnoticias.com.mx\/index.php?rest_route=\/wp\/v2\/media\/58241"}],"wp:attachment":[{"href":"https:\/\/www.interaccionnoticias.com.mx\/index.php?rest_route=%2Fwp%2Fv2%2Fmedia&parent=58240"}],"wp:term":[{"taxonomy":"category","embeddable":true,"href":"https:\/\/www.interaccionnoticias.com.mx\/index.php?rest_route=%2Fwp%2Fv2%2Fcategories&post=58240"},{"taxonomy":"post_tag","embeddable":true,"href":"https:\/\/www.interaccionnoticias.com.mx\/index.php?rest_route=%2Fwp%2Fv2%2Ftags&post=58240"}],"curies":[{"name":"wp","href":"https:\/\/api.w.org\/{rel}","templated":true}]}}