{"id":58228,"date":"2023-02-27T16:48:43","date_gmt":"2023-02-27T22:48:43","guid":{"rendered":"https:\/\/interaccionnoticias.com.mx\/?p=58228"},"modified":"2023-02-27T16:48:47","modified_gmt":"2023-02-27T22:48:47","slug":"frente-popular-de-la-montana-exige-reunion-con-la-gobernadora-evelyn-salgado-pineda","status":"publish","type":"post","link":"https:\/\/www.interaccionnoticias.com.mx\/?p=58228","title":{"rendered":"Frente Popular de la Monta\u00f1a exige reuni\u00f3n con la gobernadora Evelyn Salgado Pineda"},"content":{"rendered":"\n<p><strong><em>&#8212; Exigen el inicio de obras planteadas desde hace un a\u00f1o<\/em><\/strong><\/p>\n\n\n\n<p><strong>Eduardo Yener Santos\/ CHILPANCINGO, Gro.,27 de febrero 2023<\/strong><\/p>\n\n\n\n<p>Integrantes del Frente Popular de la Monta\u00f1a, bloquearon el bulevar Ren\u00e9 Ju\u00e1rez Cisneros frente al Palacio de Gobierno, exigen una audiencia con la gobernadora Evelyn Salgado, a quien piden que se cumple una minuta de acuerdos que fue firmada el a\u00f1o pasado.<\/p>\n\n\n\n<p>En la minuta reclamada por los dirigentes sociales, se encuentra obras como la pavimentaci\u00f3n de carreteras; introducci\u00f3n de la red de agua potable, drenaje, la construcci\u00f3n de escuelas y centros de Salud.<\/p>\n\n\n\n<p>Desde el mediod\u00eda del lunes, un grupo superior a m\u00e1s de 70 pobladores, de los municipios de Tlapa de Comonfort; Cochoapa el Grande, Metlatonoc y Cual\u00e1c, arribaron al palacio de gobierno con la intenci\u00f3n de instalarse en plant\u00f3n, pero polic\u00edas antimotines se lo impidieron.<\/p>\n\n\n\n<p>Pablo Ad\u00e1n D\u00edaz, dirigente del FPM, inform\u00f3 que la protesta y movilizaci\u00f3n en Palacio, fue porque este lunes, el director de Gobernaci\u00f3n Estatal, Francisco Rodr\u00edguez Cisneros no les respondi\u00f3 la llamada, que ten\u00eda la intenci\u00f3n de concretar la reuni\u00f3n.<\/p>\n\n\n\n<p>Dijo que la reuni\u00f3n fue un ofrecimiento de la gobernadora Evelyn Salgado Pineda.<\/p>\n\n\n\n<p>Dijo que los pobladores de la Monta\u00f1a exigen que se les cumplan compromisos como la pavimentaci\u00f3n de carreteras, agua potable, drenaje, construcci\u00f3n de escuelas y Centros de Salud.<\/p>\n\n\n\n<p>Dijo que esos proyectos ya estaban pactados desde el a\u00f1o, pero de manera injustificada las dependencias encargadas de materializar los acuerdos no han cumplido.<\/p>\n\n\n\n<p>El dirigente social asegur\u00f3 que su bloqueo instalado afuera del Palacio no se va a retirar, hasta que la gobernadora Evelyn Salgado les conceda audiencia y se acuerde una fecha para el inicio de las obras.<\/p>\n","protected":false},"excerpt":{"rendered":"<p>&#8212; Exigen el inicio de obras planteadas desde hace un a\u00f1o Eduardo Yener Santos\/ CHILPANCINGO, Gro.,27 de febrero 2023 Integrantes del Frente Popular de la Monta\u00f1a, bloquearon el bulevar Ren\u00e9&hellip; <\/p>\n","protected":false},"author":31,"featured_media":58229,"comment_status":"open","ping_status":"open","sticky":false,"template":"","format":"standard","meta":{"fifu_image_url":"","fifu_image_alt":"","footnotes":""},"categories":[6],"tags":[],"class_list":["post-58228","post","type-post","status-publish","format-standard","has-post-thumbnail","hentry","category-educacion"],"_links":{"self":[{"href":"https:\/\/www.interaccionnoticias.com.mx\/index.php?rest_route=\/wp\/v2\/posts\/58228","targetHints":{"allow":["GET"]}}],"collection":[{"href":"https:\/\/www.interaccionnoticias.com.mx\/index.php?rest_route=\/wp\/v2\/posts"}],"about":[{"href":"https:\/\/www.interaccionnoticias.com.mx\/index.php?rest_route=\/wp\/v2\/types\/post"}],"author":[{"embeddable":true,"href":"https:\/\/www.interaccionnoticias.com.mx\/index.php?rest_route=\/wp\/v2\/users\/31"}],"replies":[{"embeddable":true,"href":"https:\/\/www.interaccionnoticias.com.mx\/index.php?rest_route=%2Fwp%2Fv2%2Fcomments&post=58228"}],"version-history":[{"count":1,"href":"https:\/\/www.interaccionnoticias.com.mx\/index.php?rest_route=\/wp\/v2\/posts\/58228\/revisions"}],"predecessor-version":[{"id":58230,"href":"https:\/\/www.interaccionnoticias.com.mx\/index.php?rest_route=\/wp\/v2\/posts\/58228\/revisions\/58230"}],"wp:featuredmedia":[{"embeddable":true,"href":"https:\/\/www.interaccionnoticias.com.mx\/index.php?rest_route=\/wp\/v2\/media\/58229"}],"wp:attachment":[{"href":"https:\/\/www.interaccionnoticias.com.mx\/index.php?rest_route=%2Fwp%2Fv2%2Fmedia&parent=58228"}],"wp:term":[{"taxonomy":"category","embeddable":true,"href":"https:\/\/www.interaccionnoticias.com.mx\/index.php?rest_route=%2Fwp%2Fv2%2Fcategories&post=58228"},{"taxonomy":"post_tag","embeddable":true,"href":"https:\/\/www.interaccionnoticias.com.mx\/index.php?rest_route=%2Fwp%2Fv2%2Ftags&post=58228"}],"curies":[{"name":"wp","href":"https:\/\/api.w.org\/{rel}","templated":true}]}}