{"id":58225,"date":"2023-02-27T16:41:27","date_gmt":"2023-02-27T22:41:27","guid":{"rendered":"https:\/\/interaccionnoticias.com.mx\/?p=58225"},"modified":"2023-02-27T16:41:33","modified_gmt":"2023-02-27T22:41:33","slug":"docentes-y-padres-de-familia-cerraron-el-cobach-17-en-ocotito","status":"publish","type":"post","link":"https:\/\/www.interaccionnoticias.com.mx\/?p=58225","title":{"rendered":"Docentes y padres de familia cerraron el COBACH 17, en Ocotito"},"content":{"rendered":"\n<p><strong><em>&#8212; Denuncian violencia pol\u00edtica en raz\u00f3n de g\u00e9nero contra dos maestras<\/em><\/strong><\/p>\n\n\n\n<p><strong>Yasm\u00edn Garc\u00eda Chino<\/strong><\/p>\n\n\n\n<p><strong>Chilpancingo, Gro., a 27 de febrero 2023.- <\/strong>Trabajadoras del Colegio de Bachilleres (COBACH), respaldadas por padres de familia cerraron el plantel 17, ubicado en El Ocotito, municipio de Chilpancingo, a consecuencia de actos que constituyen violencia pol\u00edtica en raz\u00f3n de g\u00e9nero, al no respetarles sus derechos laborales.<\/p>\n\n\n\n<p>Azucena Jim\u00e9nez Navarrete Docente del COBACH n\u00famero 17, denunci\u00f3 que el director general del instituto, Jes\u00fas Villanueva Vega y el secretario general del Sindicato \u00danico, Jos\u00e9 Antonio Salvador L\u00f3pez pretenden colocar a un docente en su lugar, sin tomar en cuenta la antig\u00fcedad de a\u00f1os que lleva frente a grupo.<\/p>\n\n\n\n<p>\u00abEl viene con 15 horas base y la m\u00e1xima categor\u00eda, mismas que no entraron en un procedimiento que se debe de llevar a cabo\u00bb, asegur\u00f3 la afectada.<\/p>\n\n\n\n<p>Mar\u00eda del Carmen Bello \u00c1lvarez es otra de las trabajadoras que asegura, le han violentando sus derechos laborales.<\/p>\n\n\n\n<p>Relat\u00f3 que lleva 18 a\u00f1os de antig\u00fcedad, inici\u00f3 laborando como administrativa y despu\u00e9s asumi\u00f3 labores de docente frente a grupo por un periodo de dos a\u00f1os.<\/p>\n\n\n\n<p>A la llegada de Jes\u00fas Villanueva a la Direcci\u00f3n General, Mar\u00eda del Carmen fue destituida como docente y nuevamente designada al \u00e1rea administrativa, con el argumento de que solo cubr\u00eda un interinato.<\/p>\n\n\n\n<p>\u00abEllos dicen que cubr\u00ed un interinato pero cubr\u00ed una jubilaci\u00f3n de un maestro que falleci\u00f3 y en mi lugar enviaron a otra maestra\u00bb.<\/p>\n\n\n\n<p>Las maestras pidieron la intervenci\u00f3n del Secretario de Educaci\u00f3n en Guerrero (SEG) Marcial Rodr\u00edguez Salda\u00f1a, para que se respeten sus derechos laborales.<\/p>\n\n\n\n<p>En caso de no ser atendidos, advirtieron que este martes d\u00eda cerrar\u00e1n la Autopista del Sol.<\/p>\n","protected":false},"excerpt":{"rendered":"<p>&#8212; Denuncian violencia pol\u00edtica en raz\u00f3n de g\u00e9nero contra dos maestras Yasm\u00edn Garc\u00eda Chino Chilpancingo, Gro., a 27 de febrero 2023.- Trabajadoras del Colegio de Bachilleres (COBACH), respaldadas por padres&hellip; <\/p>\n","protected":false},"author":32,"featured_media":58226,"comment_status":"open","ping_status":"open","sticky":false,"template":"","format":"standard","meta":{"fifu_image_url":"","fifu_image_alt":"","footnotes":""},"categories":[6],"tags":[],"class_list":["post-58225","post","type-post","status-publish","format-standard","has-post-thumbnail","hentry","category-educacion"],"_links":{"self":[{"href":"https:\/\/www.interaccionnoticias.com.mx\/index.php?rest_route=\/wp\/v2\/posts\/58225","targetHints":{"allow":["GET"]}}],"collection":[{"href":"https:\/\/www.interaccionnoticias.com.mx\/index.php?rest_route=\/wp\/v2\/posts"}],"about":[{"href":"https:\/\/www.interaccionnoticias.com.mx\/index.php?rest_route=\/wp\/v2\/types\/post"}],"author":[{"embeddable":true,"href":"https:\/\/www.interaccionnoticias.com.mx\/index.php?rest_route=\/wp\/v2\/users\/32"}],"replies":[{"embeddable":true,"href":"https:\/\/www.interaccionnoticias.com.mx\/index.php?rest_route=%2Fwp%2Fv2%2Fcomments&post=58225"}],"version-history":[{"count":1,"href":"https:\/\/www.interaccionnoticias.com.mx\/index.php?rest_route=\/wp\/v2\/posts\/58225\/revisions"}],"predecessor-version":[{"id":58227,"href":"https:\/\/www.interaccionnoticias.com.mx\/index.php?rest_route=\/wp\/v2\/posts\/58225\/revisions\/58227"}],"wp:featuredmedia":[{"embeddable":true,"href":"https:\/\/www.interaccionnoticias.com.mx\/index.php?rest_route=\/wp\/v2\/media\/58226"}],"wp:attachment":[{"href":"https:\/\/www.interaccionnoticias.com.mx\/index.php?rest_route=%2Fwp%2Fv2%2Fmedia&parent=58225"}],"wp:term":[{"taxonomy":"category","embeddable":true,"href":"https:\/\/www.interaccionnoticias.com.mx\/index.php?rest_route=%2Fwp%2Fv2%2Fcategories&post=58225"},{"taxonomy":"post_tag","embeddable":true,"href":"https:\/\/www.interaccionnoticias.com.mx\/index.php?rest_route=%2Fwp%2Fv2%2Ftags&post=58225"}],"curies":[{"name":"wp","href":"https:\/\/api.w.org\/{rel}","templated":true}]}}