{"id":5821,"date":"2017-06-27T22:06:33","date_gmt":"2017-06-28T03:06:33","guid":{"rendered":"http:\/\/www.inter-accion.com.mx\/?p=5821"},"modified":"2017-06-27T22:06:33","modified_gmt":"2017-06-28T03:06:33","slug":"guardia-de-honor-en-memoria-de-los-43-en-iguala","status":"publish","type":"post","link":"https:\/\/www.interaccionnoticias.com.mx\/?p=5821","title":{"rendered":"Guardia de honor en memoria de los 43, en Iguala"},"content":{"rendered":"<p><strong>A 33 meses del 27 de septiembre<\/strong><br \/>\nPadres de los 43 y estudiantes de la Normal Rural de Ayotzinapa colocaron una ofrenda floral en el punto en que los j\u00f3venes fueron atacados hace 33 meses, en la cabecera municipal de Iguala, para despu\u00e9s realizar un mitin en la plaza central de la cuna de la bandera.<br \/>\nLa tarde del martes 27 de junio, un grupo de padres de los 43 normalistas desaparecidos desde la noche del 26 de septiembre de 2014, llegaron a la cabecera municipal de Iguala para concentrarse frente a los monumentos que se han levantado en memoria de Julio C\u00e9sar Mondrag\u00f3n Fontes; Julio Cesar Ram\u00edrez Nava y Daniel Sol\u00eds Gallardo, los tres asesinados por pistoleros de Guerreros Unidos (GU).<br \/>\nColocaron arreglos florales, montaron guardias de honor y posteriormente dirigieron varios discursos, en los que se\u00f1alaron que a 33 meses de distancia, la Procuradur\u00eda General de la Rep\u00fablica (PGR) no ha dado muestras de voluntad real para lograr el esclarecimiento del caso.<br \/>\nLos padres se\u00f1alaron que pese al paso del tiempo, a la falta de inter\u00e9s oficial, ellos siguen tocando puertas para lograr que se busque a los desaparecidos con vida, en tanto que se garantice la justicia para quienes fueron asesinados.<br \/>\nTras la manifestaci\u00f3n en carretera que comunica con Taxco de Alarc\u00f3n, los padres y estudiantes se trasladaron hacia la plaza central, en donde se ten\u00eda programado el desarrollo de una actividad cultural.<\/p>\n","protected":false},"excerpt":{"rendered":"<p>A 33 meses del 27 de septiembre Padres de los 43 y estudiantes de la Normal Rural de Ayotzinapa colocaron una ofrenda floral en el punto en que los j\u00f3venes&hellip; <\/p>\n","protected":false},"author":1,"featured_media":0,"comment_status":"closed","ping_status":"closed","sticky":false,"template":"","format":"standard","meta":{"fifu_image_url":"","fifu_image_alt":"","footnotes":""},"categories":[8,15],"tags":[],"class_list":["post-5821","post","type-post","status-publish","format-standard","hentry","category-featured","category-movimientos-sociales"],"_links":{"self":[{"href":"https:\/\/www.interaccionnoticias.com.mx\/index.php?rest_route=\/wp\/v2\/posts\/5821","targetHints":{"allow":["GET"]}}],"collection":[{"href":"https:\/\/www.interaccionnoticias.com.mx\/index.php?rest_route=\/wp\/v2\/posts"}],"about":[{"href":"https:\/\/www.interaccionnoticias.com.mx\/index.php?rest_route=\/wp\/v2\/types\/post"}],"author":[{"embeddable":true,"href":"https:\/\/www.interaccionnoticias.com.mx\/index.php?rest_route=\/wp\/v2\/users\/1"}],"replies":[{"embeddable":true,"href":"https:\/\/www.interaccionnoticias.com.mx\/index.php?rest_route=%2Fwp%2Fv2%2Fcomments&post=5821"}],"version-history":[{"count":0,"href":"https:\/\/www.interaccionnoticias.com.mx\/index.php?rest_route=\/wp\/v2\/posts\/5821\/revisions"}],"wp:attachment":[{"href":"https:\/\/www.interaccionnoticias.com.mx\/index.php?rest_route=%2Fwp%2Fv2%2Fmedia&parent=5821"}],"wp:term":[{"taxonomy":"category","embeddable":true,"href":"https:\/\/www.interaccionnoticias.com.mx\/index.php?rest_route=%2Fwp%2Fv2%2Fcategories&post=5821"},{"taxonomy":"post_tag","embeddable":true,"href":"https:\/\/www.interaccionnoticias.com.mx\/index.php?rest_route=%2Fwp%2Fv2%2Ftags&post=5821"}],"curies":[{"name":"wp","href":"https:\/\/api.w.org\/{rel}","templated":true}]}}