{"id":58187,"date":"2023-02-26T15:26:17","date_gmt":"2023-02-26T21:26:17","guid":{"rendered":"https:\/\/interaccionnoticias.com.mx\/?p=58187"},"modified":"2023-02-26T15:26:21","modified_gmt":"2023-02-26T21:26:21","slug":"se-cumplen-101-meses-de-la-desaparicion-de-los-43-normalistas-de-ayotzinapa","status":"publish","type":"post","link":"https:\/\/www.interaccionnoticias.com.mx\/?p=58187","title":{"rendered":"Se cumplen 101 meses de la desaparici\u00f3n de los 43 normalistas de Ayotzinapa"},"content":{"rendered":"\n<p><strong><em>&#8212; Realizan mitin en el antimonumento de Chilpancingo<\/em><\/strong><\/p>\n\n\n\n<p><strong>Jes\u00fas Dorantes<\/strong><\/p>\n\n\n\n<p><strong>Chilpancingo, Gro.-<\/strong> Estudiantes de la Normal Rural de Ayotzinapa y el Colectivo Lupita Rodr\u00edguez Narziso, exigieron la presentaci\u00f3n con vida de los 43 j\u00f3venes desaparecidos en Iguala de la Independencia, en septiembre del a\u00f1o 2014.<\/p>\n\n\n\n<p>Con un mitin en el antimonumento a los 43, que se ubica en la glorieta de las banderas del municipio de Chilpancingo, ambos colectivos hicieron un llamado al presidente Andr\u00e9s Manuel L\u00f3pez Obrador para que cumpla su palabra y esclarezca el caso, como lo prometi\u00f3 en su campa\u00f1a.<\/p>\n\n\n\n<p>Como d\u00eda 26 de mes, los j\u00f3venes arribaron desde el municipio de Tixtla hasta la capital a bordo de un autob\u00fas de pasajeros, el cual tambi\u00e9n utilizaron para cortar la circulaci\u00f3n en la avenida L\u00e1zaro C\u00e1rdenas en los sentidos sur-norte.<\/p>\n\n\n\n<p>Luego de colocar una ofrenda floral en el n\u00famero 43, denunciaron la falta de respuesta de los gobiernos estatal y federal en el caso, adem\u00e1s del paso de 101 meses sin que los padres puedan volver a ver a sus hijos o saber sobre su paradero.<\/p>\n\n\n\n<p>Por su parte, David Molina, representante del Colectivo Lupita Rodr\u00edguez dio su respaldo al moviendo de los 43, el cual asegur\u00f3, siempre ha dado una muestra de la exigencia de justicia y es una muestra de la falta de inter\u00e9s de las autoridades en los casos de desaparici\u00f3n forzada en Guerrero.<\/p>\n","protected":false},"excerpt":{"rendered":"<p>&#8212; Realizan mitin en el antimonumento de Chilpancingo Jes\u00fas Dorantes Chilpancingo, Gro.- Estudiantes de la Normal Rural de Ayotzinapa y el Colectivo Lupita Rodr\u00edguez Narziso, exigieron la presentaci\u00f3n con vida&hellip; <\/p>\n","protected":false},"author":8,"featured_media":58188,"comment_status":"open","ping_status":"open","sticky":false,"template":"","format":"standard","meta":{"fifu_image_url":"","fifu_image_alt":"","footnotes":""},"categories":[15],"tags":[],"class_list":["post-58187","post","type-post","status-publish","format-standard","has-post-thumbnail","hentry","category-movimientos-sociales"],"_links":{"self":[{"href":"https:\/\/www.interaccionnoticias.com.mx\/index.php?rest_route=\/wp\/v2\/posts\/58187","targetHints":{"allow":["GET"]}}],"collection":[{"href":"https:\/\/www.interaccionnoticias.com.mx\/index.php?rest_route=\/wp\/v2\/posts"}],"about":[{"href":"https:\/\/www.interaccionnoticias.com.mx\/index.php?rest_route=\/wp\/v2\/types\/post"}],"author":[{"embeddable":true,"href":"https:\/\/www.interaccionnoticias.com.mx\/index.php?rest_route=\/wp\/v2\/users\/8"}],"replies":[{"embeddable":true,"href":"https:\/\/www.interaccionnoticias.com.mx\/index.php?rest_route=%2Fwp%2Fv2%2Fcomments&post=58187"}],"version-history":[{"count":1,"href":"https:\/\/www.interaccionnoticias.com.mx\/index.php?rest_route=\/wp\/v2\/posts\/58187\/revisions"}],"predecessor-version":[{"id":58189,"href":"https:\/\/www.interaccionnoticias.com.mx\/index.php?rest_route=\/wp\/v2\/posts\/58187\/revisions\/58189"}],"wp:featuredmedia":[{"embeddable":true,"href":"https:\/\/www.interaccionnoticias.com.mx\/index.php?rest_route=\/wp\/v2\/media\/58188"}],"wp:attachment":[{"href":"https:\/\/www.interaccionnoticias.com.mx\/index.php?rest_route=%2Fwp%2Fv2%2Fmedia&parent=58187"}],"wp:term":[{"taxonomy":"category","embeddable":true,"href":"https:\/\/www.interaccionnoticias.com.mx\/index.php?rest_route=%2Fwp%2Fv2%2Fcategories&post=58187"},{"taxonomy":"post_tag","embeddable":true,"href":"https:\/\/www.interaccionnoticias.com.mx\/index.php?rest_route=%2Fwp%2Fv2%2Ftags&post=58187"}],"curies":[{"name":"wp","href":"https:\/\/api.w.org\/{rel}","templated":true}]}}