{"id":58184,"date":"2023-02-26T15:21:30","date_gmt":"2023-02-26T21:21:30","guid":{"rendered":"https:\/\/interaccionnoticias.com.mx\/?p=58184"},"modified":"2023-02-26T15:21:34","modified_gmt":"2023-02-26T21:21:34","slug":"se-deslinda-mario-moreno-de-organizar-la-marcha-a-favor-del-ine","status":"publish","type":"post","link":"https:\/\/www.interaccionnoticias.com.mx\/?p=58184","title":{"rendered":"Se deslinda Mario Moreno de organizar la Marcha a favor del INE"},"content":{"rendered":"\n<p><strong><em>&#8212; \u00abComo pueden ver no hay combis, no hay acarreo\u00bb dijo el ex candidato a la gubernatura<\/em><\/strong><\/p>\n\n\n\n<p><strong>Yasm\u00edn Garc\u00eda Chino<\/strong><\/p>\n\n\n\n<p><strong>Chilpancingo, Gro., a 26 de febrero 2023.-<\/strong> El ex candidato a gobernador por la coalici\u00f3n PRI-PRD, Mario Moreno Arcos neg\u00f3 haber organizado la marcha en contra del Plan B de la Reforma Electoral impulsada por el presidente de la Rep\u00fablica, Andr\u00e9s Manuel L\u00f3pez Obrador.<\/p>\n\n\n\n<p>Puntualiz\u00f3 que acudi\u00f3 como un ciudadano m\u00e1s a defender la democracia, no al Instituto Nacional Electoral (INE).<\/p>\n\n\n\n<p>Dijo que en el proceso electoral pasado, al \u00f3rgano electoral se le cay\u00f3 el sistema, lo que arrojo un n\u00famero menor de votos para su candidatura.<\/p>\n\n\n\n<p>\u00abYo no defiendo mucho al INE, el proceso pasado participe como candidato a gobernador y se les cay\u00f3 el sistema, obviamente fue un hecho del mismo gobierno federal, ama\u00f1ado y amafiado\u00bb, recrimin\u00f3.<\/p>\n\n\n\n<p>Luego dijo que el INE ha permitido tener elecciones libres y que incluso el gobierno actual que encabeza el presidente de la Rep\u00fablica Andr\u00e9s Manuel L\u00f3pez Obrador lleg\u00f3 al poder gracias a que el INE cuando era un \u00f3rgano fuerte.<\/p>\n\n\n\n<p>Moreno Arcos descart\u00f3 el acarreo de ciudadanos para participar en la marcha que parti\u00f3 de la Alameda Granados Maldonado y culmin\u00f3 en la plazuela Unidos por Guerrero.<\/p>\n\n\n\n<p>\u00abComo pueden ver no hay combis, no hay acarreo\u00bb.<\/p>\n\n\n\n<p>Advirti\u00f3 que el Plan B de la reforma no avanzar\u00e1 y mucho menos se consolidar\u00e1.<\/p>\n\n\n\n<p>\u00abSe va a encontrar con una enorme barrera en la Corte el Plan B de este partido y gobierno que intenta perpetuarse en el poder\u00bb. Dijo Mario Moreno.<\/p>\n","protected":false},"excerpt":{"rendered":"<p>&#8212; \u00abComo pueden ver no hay combis, no hay acarreo\u00bb dijo el ex candidato a la gubernatura Yasm\u00edn Garc\u00eda Chino Chilpancingo, Gro., a 26 de febrero 2023.- El ex candidato&hellip; <\/p>\n","protected":false},"author":4,"featured_media":58185,"comment_status":"open","ping_status":"open","sticky":false,"template":"","format":"standard","meta":{"fifu_image_url":"","fifu_image_alt":"","footnotes":""},"categories":[21],"tags":[],"class_list":["post-58184","post","type-post","status-publish","format-standard","has-post-thumbnail","hentry","category-politica"],"_links":{"self":[{"href":"https:\/\/www.interaccionnoticias.com.mx\/index.php?rest_route=\/wp\/v2\/posts\/58184","targetHints":{"allow":["GET"]}}],"collection":[{"href":"https:\/\/www.interaccionnoticias.com.mx\/index.php?rest_route=\/wp\/v2\/posts"}],"about":[{"href":"https:\/\/www.interaccionnoticias.com.mx\/index.php?rest_route=\/wp\/v2\/types\/post"}],"author":[{"embeddable":true,"href":"https:\/\/www.interaccionnoticias.com.mx\/index.php?rest_route=\/wp\/v2\/users\/4"}],"replies":[{"embeddable":true,"href":"https:\/\/www.interaccionnoticias.com.mx\/index.php?rest_route=%2Fwp%2Fv2%2Fcomments&post=58184"}],"version-history":[{"count":1,"href":"https:\/\/www.interaccionnoticias.com.mx\/index.php?rest_route=\/wp\/v2\/posts\/58184\/revisions"}],"predecessor-version":[{"id":58186,"href":"https:\/\/www.interaccionnoticias.com.mx\/index.php?rest_route=\/wp\/v2\/posts\/58184\/revisions\/58186"}],"wp:featuredmedia":[{"embeddable":true,"href":"https:\/\/www.interaccionnoticias.com.mx\/index.php?rest_route=\/wp\/v2\/media\/58185"}],"wp:attachment":[{"href":"https:\/\/www.interaccionnoticias.com.mx\/index.php?rest_route=%2Fwp%2Fv2%2Fmedia&parent=58184"}],"wp:term":[{"taxonomy":"category","embeddable":true,"href":"https:\/\/www.interaccionnoticias.com.mx\/index.php?rest_route=%2Fwp%2Fv2%2Fcategories&post=58184"},{"taxonomy":"post_tag","embeddable":true,"href":"https:\/\/www.interaccionnoticias.com.mx\/index.php?rest_route=%2Fwp%2Fv2%2Ftags&post=58184"}],"curies":[{"name":"wp","href":"https:\/\/api.w.org\/{rel}","templated":true}]}}