{"id":58181,"date":"2023-02-26T15:18:09","date_gmt":"2023-02-26T21:18:09","guid":{"rendered":"https:\/\/interaccionnoticias.com.mx\/?p=58181"},"modified":"2023-02-26T15:18:14","modified_gmt":"2023-02-26T21:18:14","slug":"priistas-marcharon-en-chilpancingo-contra-el-plan-b","status":"publish","type":"post","link":"https:\/\/www.interaccionnoticias.com.mx\/?p=58181","title":{"rendered":"Pri\u00edstas marcharon en Chilpancingo contra el Plan B"},"content":{"rendered":"\n<p><em><strong>&#8212; A la cabeza iba Mario Moreno, ex alcalde y ex candidato a la gubernatura<\/strong><\/em><\/p>\n\n\n\n<p><strong>Rosario Garc\u00eda Orozco<\/strong><\/p>\n\n\n\n<p><strong>Chilpancingo, Gro., 26 de febrero del 2023.-<\/strong> Alrededor de 150 militantes y simpatizantes del PRI marcharon en la capital del estado en contra del Plan B en materia de reforma electoral.<\/p>\n\n\n\n<p>Al frente del contingente que avanz\u00f3 por las principales calles de la ciudad, se pudo observar al ex candidato a la gobernatura de Guerrero, Mario Moreno Arcos.<\/p>\n\n\n\n<p>Los manifestantes se reunieron en la Alameda Granados Maldonado, entre los participantes se observ\u00f3 a la regidora del PAN, Reynalda Pablo de la Cruz, as\u00ed como militantes y simpatizantes de ambos partidos.<\/p>\n\n\n\n<p>Los participantes de la marcha portaron lonas y pancartas con textos como en defensa del INE y corearon consignas como \u00abEl INE no se toca\u00bb, \u00abSolo a eso vine, a defender al INE\u00bb.<\/p>\n\n\n\n<p>El contingente lleg\u00f3 al monumento a Las Banderas, d\u00f3nde retorn\u00f3 y regres\u00f3 hacia el centro.<\/p>\n","protected":false},"excerpt":{"rendered":"<p>&#8212; A la cabeza iba Mario Moreno, ex alcalde y ex candidato a la gubernatura Rosario Garc\u00eda Orozco Chilpancingo, Gro., 26 de febrero del 2023.- Alrededor de 150 militantes y&hellip; <\/p>\n","protected":false},"author":14,"featured_media":58182,"comment_status":"open","ping_status":"open","sticky":false,"template":"","format":"standard","meta":{"fifu_image_url":"","fifu_image_alt":"","footnotes":""},"categories":[21],"tags":[],"class_list":["post-58181","post","type-post","status-publish","format-standard","has-post-thumbnail","hentry","category-politica"],"_links":{"self":[{"href":"https:\/\/www.interaccionnoticias.com.mx\/index.php?rest_route=\/wp\/v2\/posts\/58181","targetHints":{"allow":["GET"]}}],"collection":[{"href":"https:\/\/www.interaccionnoticias.com.mx\/index.php?rest_route=\/wp\/v2\/posts"}],"about":[{"href":"https:\/\/www.interaccionnoticias.com.mx\/index.php?rest_route=\/wp\/v2\/types\/post"}],"author":[{"embeddable":true,"href":"https:\/\/www.interaccionnoticias.com.mx\/index.php?rest_route=\/wp\/v2\/users\/14"}],"replies":[{"embeddable":true,"href":"https:\/\/www.interaccionnoticias.com.mx\/index.php?rest_route=%2Fwp%2Fv2%2Fcomments&post=58181"}],"version-history":[{"count":1,"href":"https:\/\/www.interaccionnoticias.com.mx\/index.php?rest_route=\/wp\/v2\/posts\/58181\/revisions"}],"predecessor-version":[{"id":58183,"href":"https:\/\/www.interaccionnoticias.com.mx\/index.php?rest_route=\/wp\/v2\/posts\/58181\/revisions\/58183"}],"wp:featuredmedia":[{"embeddable":true,"href":"https:\/\/www.interaccionnoticias.com.mx\/index.php?rest_route=\/wp\/v2\/media\/58182"}],"wp:attachment":[{"href":"https:\/\/www.interaccionnoticias.com.mx\/index.php?rest_route=%2Fwp%2Fv2%2Fmedia&parent=58181"}],"wp:term":[{"taxonomy":"category","embeddable":true,"href":"https:\/\/www.interaccionnoticias.com.mx\/index.php?rest_route=%2Fwp%2Fv2%2Fcategories&post=58181"},{"taxonomy":"post_tag","embeddable":true,"href":"https:\/\/www.interaccionnoticias.com.mx\/index.php?rest_route=%2Fwp%2Fv2%2Ftags&post=58181"}],"curies":[{"name":"wp","href":"https:\/\/api.w.org\/{rel}","templated":true}]}}