{"id":58172,"date":"2023-02-24T18:42:49","date_gmt":"2023-02-25T00:42:49","guid":{"rendered":"https:\/\/interaccionnoticias.com.mx\/?p=58172"},"modified":"2023-02-24T18:42:54","modified_gmt":"2023-02-25T00:42:54","slug":"coparmex-chilpancingo-ha-documentado-4-casos-de-extorsion-durante-este-ano","status":"publish","type":"post","link":"https:\/\/www.interaccionnoticias.com.mx\/?p=58172","title":{"rendered":"COPARMEX Chilpancingo ha documentado 4 casos de extorsi\u00f3n durante este a\u00f1o"},"content":{"rendered":"\n<p><strong><em>&#8212; Los negocios atacados en esta semana no son socios de COPARMEX<\/em><\/strong><\/p>\n\n\n\n<p><strong>Yasm\u00edn Garc\u00eda Chino<\/strong><\/p>\n\n\n\n<p><strong>Chilpancingo, Gro., a 24 de febrero 2023.-<\/strong> El presidente de la COPARMEX en la capital de Guerrero, Iv\u00e1n Salgado Ram\u00edrez inform\u00f3 que durante este a\u00f1o, por lo menos 4 empresarios han recibido llamadas de extorsi\u00f3n y asegur\u00f3 que los comercios atacados en esta semana no pertenecen a su organizaci\u00f3n.<\/p>\n\n\n\n<p>El representante empresarial, destac\u00f3 que los cuatro casos de extorsi\u00f3n son aislados, pero adem\u00e1s, no se han concretado gracias a los protocolos de prevenci\u00f3n que los socios de COPARMEX ponen en marcha cada que reciben alguna llamada.<\/p>\n\n\n\n<p>Mencion\u00f3 que la aplicaci\u00f3n CIVIC, es un modelo de prevenci\u00f3n que los empresarios usan en Monterrey, la cual ya se utiliza en Chilpancingo, a trav\u00e9s de ella se comparten temas de seguridad y permite prevenir el delito.<\/p>\n\n\n\n<p>Otro protocolo consiste en instalar sistemas de video vigilancia en sus empresas, acci\u00f3n que el presidente calific\u00f3 como primordial, ya que ahuyenta a personas que quieran realizar alg\u00fan acto delictivo, incluso la Fiscal\u00eda General del Estado (FGE) en algunas ocasiones les ha solicitado grabaciones del sistema de circuito cerrado, para enriquecer alguna investigaci\u00f3n.<\/p>\n\n\n\n<p>El dirigente de COPARMEX local, lament\u00f3 que el sector comercial est\u00e9 siendo atacado, sin embargo, conf\u00eda en que las autoridades realizar\u00e1n su trabajo.<\/p>\n","protected":false},"excerpt":{"rendered":"<p>&#8212; Los negocios atacados en esta semana no son socios de COPARMEX Yasm\u00edn Garc\u00eda Chino Chilpancingo, Gro., a 24 de febrero 2023.- El presidente de la COPARMEX en la capital&hellip; <\/p>\n","protected":false},"author":4,"featured_media":58173,"comment_status":"open","ping_status":"open","sticky":false,"template":"","format":"standard","meta":{"fifu_image_url":"","fifu_image_alt":"","footnotes":""},"categories":[29],"tags":[],"class_list":["post-58172","post","type-post","status-publish","format-standard","has-post-thumbnail","hentry","category-sociedad"],"_links":{"self":[{"href":"https:\/\/www.interaccionnoticias.com.mx\/index.php?rest_route=\/wp\/v2\/posts\/58172","targetHints":{"allow":["GET"]}}],"collection":[{"href":"https:\/\/www.interaccionnoticias.com.mx\/index.php?rest_route=\/wp\/v2\/posts"}],"about":[{"href":"https:\/\/www.interaccionnoticias.com.mx\/index.php?rest_route=\/wp\/v2\/types\/post"}],"author":[{"embeddable":true,"href":"https:\/\/www.interaccionnoticias.com.mx\/index.php?rest_route=\/wp\/v2\/users\/4"}],"replies":[{"embeddable":true,"href":"https:\/\/www.interaccionnoticias.com.mx\/index.php?rest_route=%2Fwp%2Fv2%2Fcomments&post=58172"}],"version-history":[{"count":1,"href":"https:\/\/www.interaccionnoticias.com.mx\/index.php?rest_route=\/wp\/v2\/posts\/58172\/revisions"}],"predecessor-version":[{"id":58174,"href":"https:\/\/www.interaccionnoticias.com.mx\/index.php?rest_route=\/wp\/v2\/posts\/58172\/revisions\/58174"}],"wp:featuredmedia":[{"embeddable":true,"href":"https:\/\/www.interaccionnoticias.com.mx\/index.php?rest_route=\/wp\/v2\/media\/58173"}],"wp:attachment":[{"href":"https:\/\/www.interaccionnoticias.com.mx\/index.php?rest_route=%2Fwp%2Fv2%2Fmedia&parent=58172"}],"wp:term":[{"taxonomy":"category","embeddable":true,"href":"https:\/\/www.interaccionnoticias.com.mx\/index.php?rest_route=%2Fwp%2Fv2%2Fcategories&post=58172"},{"taxonomy":"post_tag","embeddable":true,"href":"https:\/\/www.interaccionnoticias.com.mx\/index.php?rest_route=%2Fwp%2Fv2%2Ftags&post=58172"}],"curies":[{"name":"wp","href":"https:\/\/api.w.org\/{rel}","templated":true}]}}