{"id":58169,"date":"2023-02-24T18:22:52","date_gmt":"2023-02-25T00:22:52","guid":{"rendered":"https:\/\/interaccionnoticias.com.mx\/?p=58169"},"modified":"2023-02-24T18:22:57","modified_gmt":"2023-02-25T00:22:57","slug":"el-gobierno-federal-vigila-e-intimida-a-los-padres-de-los-43-denuncia-vocero","status":"publish","type":"post","link":"https:\/\/www.interaccionnoticias.com.mx\/?p=58169","title":{"rendered":"\u00abEl Gobierno Federal vigila e intimida a los padres de los 43\u00bb, denuncia vocero"},"content":{"rendered":"\n<p><strong>&#8212; Del Caso Iguala solo hay \u00abpantallazos\u00bb, dice Melit\u00f3n Ortega<\/strong><\/p>\n\n\n\n<p><strong>Eduardo Yener<\/strong><\/p>\n\n\n\n<p>El vocero de los padres y madres de los 43 normalistas desaparecidos de Ayotzinapa, Melit\u00f3n Ortega denunci\u00f3 que el gobierno federal de Andr\u00e9s Manuel L\u00f3pez Obrador centra sus recursos en vigilar e intimidar al movimiento de la Normal Rural, para que ya no exigan justicia<\/p>\n\n\n\n<p>El padre de familia sostuvo que la administraci\u00f3n Federal solamente da \u201cpantallazos\u201d en torno al Caso Iguala, pues consider\u00f3 que el Estado Mexicano prepara una nueva verdad hist\u00f3rica en el caso Iguala<\/p>\n\n\n\n<p>Durante su participaci\u00f3n en la Cumbre por La Paz, en la capital del pa\u00eds, Melit\u00f3n Ortega reiter\u00f3 que a casi nueve a\u00f1os del caso Iguala, el ex presidente Enrique Pe\u00f1a Nieto y la actual administraci\u00f3n no han dado respuestas concretas de los hechos.<\/p>\n\n\n\n<p>Adem\u00e1s dijo que no se han ocupado por investigar y conocer el paradero de los 43, debido a que las investigaciones siempre las modifican<\/p>\n\n\n\n<p>La exposici\u00f3n de Melit\u00f3n Ortega fue frente a funcionarios de la Secretar\u00eda de Relaciones Exteriores y frente activistas de las organizaciones internacionales Global Exchange y Stop US Arms to M\u00e9xico<\/p>\n\n\n\n<p>El vocero de las madres y padres de los 43 normalistas desaparecidos de la normal de Ayotzinapa, acus\u00f3 que el actual gobierno federal se encarga de vigilar los movimientos de los padres y, se amenaza a las familias para ya no continuar con la exigencia de justicia<\/p>\n\n\n\n<p>Reclamo al presidente Lopez Obrador de no cumplir con su promesa de campa\u00f1a que fue esclarecer el caso, y ahora a los padres y madres de los 43 normalistas solo los llevan con mentiras ante supuestos avances<\/p>\n\n\n\n<p>Melit\u00f3n Ortega adelant\u00f3 que este 26 de febrero realizar\u00e1n una marcha por los 43 en la Ciudad de M\u00e9xico, fecha que se conmemora un mes m\u00e1s de los hechos de Iguala<\/p>\n\n\n\n<p>Tambi\u00e9n inform\u00f3 que el pr\u00f3ximo 4 de marzo, en la Normal Isidro Burgos de Ayotzinapa ubicada en Tixtla se realizar\u00e1 la Asamblea Nacional por Ayotzinapa para acordar el rumbo del movimiento para este a\u00f1o<br><\/p>\n","protected":false},"excerpt":{"rendered":"<p>&#8212; Del Caso Iguala solo hay \u00abpantallazos\u00bb, dice Melit\u00f3n Ortega Eduardo Yener El vocero de los padres y madres de los 43 normalistas desaparecidos de Ayotzinapa, Melit\u00f3n Ortega denunci\u00f3 que&hellip; <\/p>\n","protected":false},"author":31,"featured_media":58170,"comment_status":"open","ping_status":"open","sticky":false,"template":"","format":"standard","meta":{"fifu_image_url":"","fifu_image_alt":"","footnotes":""},"categories":[15],"tags":[],"class_list":["post-58169","post","type-post","status-publish","format-standard","has-post-thumbnail","hentry","category-movimientos-sociales"],"_links":{"self":[{"href":"https:\/\/www.interaccionnoticias.com.mx\/index.php?rest_route=\/wp\/v2\/posts\/58169","targetHints":{"allow":["GET"]}}],"collection":[{"href":"https:\/\/www.interaccionnoticias.com.mx\/index.php?rest_route=\/wp\/v2\/posts"}],"about":[{"href":"https:\/\/www.interaccionnoticias.com.mx\/index.php?rest_route=\/wp\/v2\/types\/post"}],"author":[{"embeddable":true,"href":"https:\/\/www.interaccionnoticias.com.mx\/index.php?rest_route=\/wp\/v2\/users\/31"}],"replies":[{"embeddable":true,"href":"https:\/\/www.interaccionnoticias.com.mx\/index.php?rest_route=%2Fwp%2Fv2%2Fcomments&post=58169"}],"version-history":[{"count":1,"href":"https:\/\/www.interaccionnoticias.com.mx\/index.php?rest_route=\/wp\/v2\/posts\/58169\/revisions"}],"predecessor-version":[{"id":58171,"href":"https:\/\/www.interaccionnoticias.com.mx\/index.php?rest_route=\/wp\/v2\/posts\/58169\/revisions\/58171"}],"wp:featuredmedia":[{"embeddable":true,"href":"https:\/\/www.interaccionnoticias.com.mx\/index.php?rest_route=\/wp\/v2\/media\/58170"}],"wp:attachment":[{"href":"https:\/\/www.interaccionnoticias.com.mx\/index.php?rest_route=%2Fwp%2Fv2%2Fmedia&parent=58169"}],"wp:term":[{"taxonomy":"category","embeddable":true,"href":"https:\/\/www.interaccionnoticias.com.mx\/index.php?rest_route=%2Fwp%2Fv2%2Fcategories&post=58169"},{"taxonomy":"post_tag","embeddable":true,"href":"https:\/\/www.interaccionnoticias.com.mx\/index.php?rest_route=%2Fwp%2Fv2%2Ftags&post=58169"}],"curies":[{"name":"wp","href":"https:\/\/api.w.org\/{rel}","templated":true}]}}