{"id":58166,"date":"2023-02-24T16:33:31","date_gmt":"2023-02-24T22:33:31","guid":{"rendered":"https:\/\/interaccionnoticias.com.mx\/?p=58166"},"modified":"2023-02-24T16:33:35","modified_gmt":"2023-02-24T22:33:35","slug":"rector-de-la-uagro-exige-la-localizacion-de-alumna-de-la-facultad-de-derecho","status":"publish","type":"post","link":"https:\/\/www.interaccionnoticias.com.mx\/?p=58166","title":{"rendered":"Rector de la UAGro exige la localizaci\u00f3n de alumna de la Facultad de Derecho"},"content":{"rendered":"\n<p><strong><em>&#8212; Karen Melissa Pe\u00f1aloza Mart\u00ednez, no aparece desde el 31 de enero<\/em><\/strong><\/p>\n\n\n\n<p><strong>Rosario Garc\u00eda Orozco<\/strong><\/p>\n\n\n\n<p>Chilpancingo, Gro., 24 de febrero del 2023.- El rector de la Universidad Aut\u00f3noma de Guerrero (UAGro), Jos\u00e9 Alfredo Romero Olea, exigi\u00f3 la localizaci\u00f3n de Karen Melissa Pe\u00f1aloza Mart\u00ednez, cuyo paradero se desconoce desde el pasado 31 de enero.<\/p>\n\n\n\n<p>Romero Olea destac\u00f3 que una vez que el hecho ha sido denunciado, es la Fiscal\u00eda General del Estado (FGE) la que realiza las investigaciones, por lo que debe otorgarse el voto de confianza.<\/p>\n\n\n\n<p>\u00abRse caso est\u00e1 en manos de las autoridades competentes, lo que hacemos nosotros como universitarios es exigir a las autoridades una investigaci\u00f3n pronta y efectiva sobre ese hecho\u00bb, apunt\u00f3.<\/p>\n\n\n\n<p>La estudiante es originaria de Cuajinicuilapa, municipio ubicado en la Costa Chica de Guerrero, donde familiares han realizado diferentes actividades para exigir su localizaci\u00f3n.<\/p>\n\n\n\n<p>Karen Melissa fue vista por \u00faltima vez cuando abordaba un taxi para ir a la comunidad de Petaquillas, en el municipio de Chilpancingo.<\/p>\n\n\n\n<p>Cuestionado sobre por qu\u00e9 la Universidad Aut\u00f3noma de Guerrero (UAGro) no ha fijado una postura en torno a ese hecho, el rector coment\u00f3 que se pidi\u00f3 a las autoridades correspondientes que se iniciaran los trabajos de b\u00fasqueda, pero admiti\u00f3: \u00abNosotros no sabemos a ciencia cierta como estuvieron esos hechos\u00bb.<\/p>\n\n\n\n<p>Romero Olea consider\u00f3 que no es necesario de momento solicitar un refuerzo de seguridad en los campus universitarios, no porque no hay ataques directos a la instituci\u00f3n.<\/p>\n\n\n\n<p>\u00abSomos una instituci\u00f3n acad\u00e9mica que se dedica a dar educacion, no tenemos otra finalidad, por ello no lo recibimos pertinente\u00bb, acot\u00f3.<br><\/p>\n","protected":false},"excerpt":{"rendered":"<p>&#8212; Karen Melissa Pe\u00f1aloza Mart\u00ednez, no aparece desde el 31 de enero Rosario Garc\u00eda Orozco Chilpancingo, Gro., 24 de febrero del 2023.- El rector de la Universidad Aut\u00f3noma de Guerrero&hellip; <\/p>\n","protected":false},"author":14,"featured_media":58167,"comment_status":"open","ping_status":"open","sticky":false,"template":"","format":"standard","meta":{"fifu_image_url":"","fifu_image_alt":"","footnotes":""},"categories":[30],"tags":[],"class_list":["post-58166","post","type-post","status-publish","format-standard","has-post-thumbnail","hentry","category-universidad"],"_links":{"self":[{"href":"https:\/\/www.interaccionnoticias.com.mx\/index.php?rest_route=\/wp\/v2\/posts\/58166","targetHints":{"allow":["GET"]}}],"collection":[{"href":"https:\/\/www.interaccionnoticias.com.mx\/index.php?rest_route=\/wp\/v2\/posts"}],"about":[{"href":"https:\/\/www.interaccionnoticias.com.mx\/index.php?rest_route=\/wp\/v2\/types\/post"}],"author":[{"embeddable":true,"href":"https:\/\/www.interaccionnoticias.com.mx\/index.php?rest_route=\/wp\/v2\/users\/14"}],"replies":[{"embeddable":true,"href":"https:\/\/www.interaccionnoticias.com.mx\/index.php?rest_route=%2Fwp%2Fv2%2Fcomments&post=58166"}],"version-history":[{"count":1,"href":"https:\/\/www.interaccionnoticias.com.mx\/index.php?rest_route=\/wp\/v2\/posts\/58166\/revisions"}],"predecessor-version":[{"id":58168,"href":"https:\/\/www.interaccionnoticias.com.mx\/index.php?rest_route=\/wp\/v2\/posts\/58166\/revisions\/58168"}],"wp:featuredmedia":[{"embeddable":true,"href":"https:\/\/www.interaccionnoticias.com.mx\/index.php?rest_route=\/wp\/v2\/media\/58167"}],"wp:attachment":[{"href":"https:\/\/www.interaccionnoticias.com.mx\/index.php?rest_route=%2Fwp%2Fv2%2Fmedia&parent=58166"}],"wp:term":[{"taxonomy":"category","embeddable":true,"href":"https:\/\/www.interaccionnoticias.com.mx\/index.php?rest_route=%2Fwp%2Fv2%2Fcategories&post=58166"},{"taxonomy":"post_tag","embeddable":true,"href":"https:\/\/www.interaccionnoticias.com.mx\/index.php?rest_route=%2Fwp%2Fv2%2Ftags&post=58166"}],"curies":[{"name":"wp","href":"https:\/\/api.w.org\/{rel}","templated":true}]}}