{"id":5815,"date":"2017-06-27T20:00:18","date_gmt":"2017-06-28T01:00:18","guid":{"rendered":"http:\/\/www.inter-accion.com.mx\/?p=5815"},"modified":"2017-06-27T20:00:18","modified_gmt":"2017-06-28T01:00:18","slug":"no-tengo-razones-para-creerle-al-fiscal-dice-la-viuda-de-armando-chavarria","status":"publish","type":"post","link":"https:\/\/www.interaccionnoticias.com.mx\/?p=5815","title":{"rendered":"\u201cNo tengo razones para creerle al fiscal\u201d, dice la viuda de Armando Chavarr\u00eda"},"content":{"rendered":"<p><strong>No m\u00e1s cortinas de humo, se\u00f1ala Martha Obeso C\u00e1zares<\/strong><br \/>\n\u201cNo tengo ninguna raz\u00f3n para creer en la palabra del fiscal\u201d, se\u00f1al\u00f3 en su muro de Facebook Martha Obeso C\u00e1zarez, viuda de Armando Chavarr\u00eda Barrera, el presidente de la Comisi\u00f3n de Gobierno del Congreso local asesinado la ma\u00f1ana del 20 de agosto de 2009, en la puerta de su domicilio particular, en Chilpancingo.<br \/>\nLa jornada del lunes 26 de junio, el titular de la Fiscal\u00eda General del Estado (FGE), Javier Olea Pel\u00e1ez inform\u00f3 a los diputados de las comisiones unidas de Justicia y Seguridad P\u00fablica del Congreso local, que en dos o tres semanas, el caso Chavarr\u00eda quedar\u00eda esclarecido.<br \/>\nSin mencionar nombres, Olea Pel\u00e1ez sostuvo que los gobiernos que correspondieron a Zeferino Torreblanca Galindo, Angel Aguirre Rivero y Rogelio Ortega Mart\u00ednez no hicieron gran cosa por esclarecer el crimen cometido en contra de quien hasta 2009, fuera el principal l\u00edder de la izquierda partidista en la entidad.<br \/>\nDe hecho, se\u00f1al\u00f3 que salvo el caso de Martha Elba Garz\u00f3n Bernal, ninguno de los que estuvieron al frente de la FGE hizo mucho por avanzar en las investigaciones.<br \/>\nSin embargo, destac\u00f3 que en la presente administraci\u00f3n s\u00ed se ha tomado la ruta de esclarecer el asunto, lo que se conseguir\u00e1 en un plazo de dos a tres semanas, aunque anticip\u00f3 que los resultados de la investigaci\u00f3n no van a gustar a muchos.<br \/>\nAl respecto, la viuda de Chavarr\u00eda fij\u00f3 una postura a trav\u00e9s de las redes sociales, en la que manifest\u00f3 lo siguiente: \u201cNo tengo ninguna raz\u00f3n para creer en la palabra del fiscal. Durante su gesti\u00f3n, igual que sus antecesores, tambi\u00e9n nos ha negado el acceso al expediente del caso, violado nuestro derecho constitucional\u201d.<br \/>\nObeso C\u00e1zares reproch\u00f3 que el mes de julio se cumplir\u00e1 un a\u00f1o de que el fiscal Olea acept\u00f3 recibirla en audiencia, lo que habla de la falta de disposici\u00f3n para informar a la familia sobre los avances del trabajo realizado.<br \/>\n\u201cMi familia y yo, solo aceptaremos los resultados de una investigaci\u00f3n profesional, cuyo expediente responda a los est\u00e1ndares del derecho internacional\u201d, anot\u00f3.<br \/>\nRecord\u00f3 que el pr\u00f3ximo 20 de agosto se cumplir\u00e1n ocho a\u00f1os de la ejecuci\u00f3n extrajudicial de Armando Chavarr\u00eda Barrera, a quien varios partidos pol\u00edticos perfilaban como candidato a la gubernatura del estado.<br \/>\n\u201cMi familia y la sociedad guerrerense seguimos esperando justicia. No m\u00e1s mentiras ni cortinas de humo, no m\u00e1s protecci\u00f3n para sus asesinos\u201d, remata el post colocado en el muro de Facebook de la se\u00f1ora Martha Obeso.<br \/>\n&nbsp;&nbsp;&nbsp;&nbsp;&nbsp;<\/p>\n","protected":false},"excerpt":{"rendered":"<p>No m\u00e1s cortinas de humo, se\u00f1ala Martha Obeso C\u00e1zares \u201cNo tengo ninguna raz\u00f3n para creer en la palabra del fiscal\u201d, se\u00f1al\u00f3 en su muro de Facebook Martha Obeso C\u00e1zarez, viuda&hellip; <\/p>\n","protected":false},"author":1,"featured_media":0,"comment_status":"closed","ping_status":"closed","sticky":false,"template":"","format":"standard","meta":{"fifu_image_url":"","fifu_image_alt":"","footnotes":""},"categories":[8,15],"tags":[],"class_list":["post-5815","post","type-post","status-publish","format-standard","hentry","category-featured","category-movimientos-sociales"],"_links":{"self":[{"href":"https:\/\/www.interaccionnoticias.com.mx\/index.php?rest_route=\/wp\/v2\/posts\/5815","targetHints":{"allow":["GET"]}}],"collection":[{"href":"https:\/\/www.interaccionnoticias.com.mx\/index.php?rest_route=\/wp\/v2\/posts"}],"about":[{"href":"https:\/\/www.interaccionnoticias.com.mx\/index.php?rest_route=\/wp\/v2\/types\/post"}],"author":[{"embeddable":true,"href":"https:\/\/www.interaccionnoticias.com.mx\/index.php?rest_route=\/wp\/v2\/users\/1"}],"replies":[{"embeddable":true,"href":"https:\/\/www.interaccionnoticias.com.mx\/index.php?rest_route=%2Fwp%2Fv2%2Fcomments&post=5815"}],"version-history":[{"count":0,"href":"https:\/\/www.interaccionnoticias.com.mx\/index.php?rest_route=\/wp\/v2\/posts\/5815\/revisions"}],"wp:attachment":[{"href":"https:\/\/www.interaccionnoticias.com.mx\/index.php?rest_route=%2Fwp%2Fv2%2Fmedia&parent=5815"}],"wp:term":[{"taxonomy":"category","embeddable":true,"href":"https:\/\/www.interaccionnoticias.com.mx\/index.php?rest_route=%2Fwp%2Fv2%2Fcategories&post=5815"},{"taxonomy":"post_tag","embeddable":true,"href":"https:\/\/www.interaccionnoticias.com.mx\/index.php?rest_route=%2Fwp%2Fv2%2Ftags&post=5815"}],"curies":[{"name":"wp","href":"https:\/\/api.w.org\/{rel}","templated":true}]}}