{"id":58128,"date":"2023-02-24T11:17:53","date_gmt":"2023-02-24T17:17:53","guid":{"rendered":"https:\/\/interaccionnoticias.com.mx\/?p=58128"},"modified":"2023-02-24T11:17:58","modified_gmt":"2023-02-24T17:17:58","slug":"ataque-armado-en-iguala-deja-dos-muertos-y-dos-heridos","status":"publish","type":"post","link":"https:\/\/www.interaccionnoticias.com.mx\/?p=58128","title":{"rendered":"Ataque armado en Iguala deja dos muertos y dos heridos"},"content":{"rendered":"\n<p><strong><em>&#8212; Una de las v\u00edctimas mortales es mujer<\/em><\/strong><\/p>\n\n\n\n<p><strong>Jes\u00fas Dorantes<\/strong><\/p>\n\n\n\n<p><strong>Chilpancingo, Gro.- <\/strong>La madrugada del viernes se registr\u00f3 un ataque en el municipio de Iguala de la Independencia, que cobr\u00f3 la vida de dos personas y dej\u00f3 dos heridos.<\/p>\n\n\n\n<p>En dicho municipio ubicado en la Regi\u00f3n Norte se report\u00f3 al servicio de emergencias, 911 el ataque a un veh\u00edculo en el Perif\u00e9rico Oriente, por lo que se trasladaron elementos de seguridad.<\/p>\n\n\n\n<p>Al lugar lleg\u00f3 personal de la Fiscal\u00eda General del Estado (FGE), quienes localizaron un veh\u00edculo de color azul con placas del extranjero, luego de una revisi\u00f3n se confirm\u00f3 que en su interior hab\u00eda dos cad\u00e1veres.<\/p>\n\n\n\n<p>En el lugar del conductor se identifico el cuerpo de Eduardo \u00abN\u00bb y en el del copiloto el de Marisol \u00abN\u00bb, ambos con varios impactos de arma de fuego.<\/p>\n\n\n\n<p>Tras las primeras investigaciones se confirm\u00f3 que tambi\u00e9n resultaron heridos Daniela \u00abN\u00bb y Jonathan \u00abN\u00bb, que fueron trasladados al Hospital de Iguala para recibir atenci\u00f3n m\u00e9dica.<br><\/p>\n","protected":false},"excerpt":{"rendered":"<p>&#8212; Una de las v\u00edctimas mortales es mujer Jes\u00fas Dorantes Chilpancingo, Gro.- La madrugada del viernes se registr\u00f3 un ataque en el municipio de Iguala de la Independencia, que cobr\u00f3&hellip; <\/p>\n","protected":false},"author":8,"featured_media":58129,"comment_status":"open","ping_status":"open","sticky":false,"template":"","format":"standard","meta":{"fifu_image_url":"","fifu_image_alt":"","footnotes":""},"categories":[27],"tags":[],"class_list":["post-58128","post","type-post","status-publish","format-standard","has-post-thumbnail","hentry","category-seguridad-publica"],"_links":{"self":[{"href":"https:\/\/www.interaccionnoticias.com.mx\/index.php?rest_route=\/wp\/v2\/posts\/58128","targetHints":{"allow":["GET"]}}],"collection":[{"href":"https:\/\/www.interaccionnoticias.com.mx\/index.php?rest_route=\/wp\/v2\/posts"}],"about":[{"href":"https:\/\/www.interaccionnoticias.com.mx\/index.php?rest_route=\/wp\/v2\/types\/post"}],"author":[{"embeddable":true,"href":"https:\/\/www.interaccionnoticias.com.mx\/index.php?rest_route=\/wp\/v2\/users\/8"}],"replies":[{"embeddable":true,"href":"https:\/\/www.interaccionnoticias.com.mx\/index.php?rest_route=%2Fwp%2Fv2%2Fcomments&post=58128"}],"version-history":[{"count":1,"href":"https:\/\/www.interaccionnoticias.com.mx\/index.php?rest_route=\/wp\/v2\/posts\/58128\/revisions"}],"predecessor-version":[{"id":58130,"href":"https:\/\/www.interaccionnoticias.com.mx\/index.php?rest_route=\/wp\/v2\/posts\/58128\/revisions\/58130"}],"wp:featuredmedia":[{"embeddable":true,"href":"https:\/\/www.interaccionnoticias.com.mx\/index.php?rest_route=\/wp\/v2\/media\/58129"}],"wp:attachment":[{"href":"https:\/\/www.interaccionnoticias.com.mx\/index.php?rest_route=%2Fwp%2Fv2%2Fmedia&parent=58128"}],"wp:term":[{"taxonomy":"category","embeddable":true,"href":"https:\/\/www.interaccionnoticias.com.mx\/index.php?rest_route=%2Fwp%2Fv2%2Fcategories&post=58128"},{"taxonomy":"post_tag","embeddable":true,"href":"https:\/\/www.interaccionnoticias.com.mx\/index.php?rest_route=%2Fwp%2Fv2%2Ftags&post=58128"}],"curies":[{"name":"wp","href":"https:\/\/api.w.org\/{rel}","templated":true}]}}