{"id":58116,"date":"2023-02-23T19:37:45","date_gmt":"2023-02-24T01:37:45","guid":{"rendered":"https:\/\/interaccionnoticias.com.mx\/?p=58116"},"modified":"2023-02-23T19:37:50","modified_gmt":"2023-02-24T01:37:50","slug":"se-rompe-mesa-de-dialogo-con-trabajadores-de-becas-benito-juarez","status":"publish","type":"post","link":"https:\/\/www.interaccionnoticias.com.mx\/?p=58116","title":{"rendered":"Se rompe mesa de di\u00e1logo con trabajadores de becas \u201cBenito Ju\u00e1rez\u201d"},"content":{"rendered":"\n<p><strong><em>&#8212; No hay voluntad para resolver demandas, denuncian los paristas<\/em><\/strong><\/p>\n\n\n\n<p><strong>Rosario Garc\u00eda Orozco<\/strong><\/p>\n\n\n\n<p><strong>Chilpancingo, Gro., 23 de febrero del 2023.- <\/strong>Luego de 13 d\u00edas de que iniciaron un paro laboral trabajadores de la Coordinaci\u00f3n Nacional de Becas \u201cBenito Ju\u00e1rez\u201d en Guerrero, se rompi\u00f3 la mesa de di\u00e1logo con funcionarios del gobierno federal y estatal, para dar soluci\u00f3n a las demandas, porque los inconformes denunciaron que \u201cno hay voluntad para resolver su pliego petitorio\u201d.<\/p>\n\n\n\n<p>Los trabajadores federales mencionaron que son un total de 238 los afectados en todo el estado, porque no cuentan con ning\u00fan tipo de prestaciones, ni seguro de vida, por lo que pidieron la destituci\u00f3n inmediata de Clemente Gerardo L\u00f3pez Rom\u00e1n, titular de la Coordinaci\u00f3n de Becas para el Bienestar \u201cBenito Ju\u00e1rez\u201d en el estado de Guerrero, porque no atiende sus peticiones, y \u201cno tiene capacidad de gesti\u00f3n ni de soluci\u00f3n de problemas\u201d.<\/p>\n\n\n\n<p>En conferencia de prensa, en las oficinas de Becas Benito Ju\u00e1rez, sobre el encauzamiento Huacapa de Chilpancingo, los trabajadores paristas revelaron que, el pasado martes 21 de febrero tras sostener una mesa de di\u00e1logo con representantes federales y estatales en Palacio de Gobierno, no llegaron a ning\u00fan acuerdo porque \u201cquer\u00edan que firmaran una minuta que no los favorec\u00eda\u201d.<\/p>\n\n\n\n<p>Los inconformes calificaron como acto prepotente, soberbio y de falta de sensibilidad, por parte del secretario General de Gobierno, Ludwing Reynoso N\u00fa\u00f1ez, de quien dijeron, no tuvo la disponibilidad de ser enlace para la soluci\u00f3n a la problem\u00e1tica.<\/p>\n\n\n\n<p>Por esa raz\u00f3n desmintieron que haya una comisi\u00f3n de funcionarios de gobierno del estado que est\u00e9 atendiendo sus demandas, \u201cno tenemos soluci\u00f3n a ninguna de esas demandas\u201d, expusieron los quejosos.<\/p>\n\n\n\n<p>Por esa raz\u00f3n, anunciaron que la protesta la trasladar\u00e1n a la Ciudad de M\u00e9xico, para informar al presidente de la Rep\u00fablica, Andr\u00e9s Manuel L\u00f3pez Obrador sobre de la situaci\u00f3n de \u201cvulnerabilidad\u00bb, que tienen como trabajadores, al no contar con un empleo seguro, ni con las prestaciones que marca la ley, \u00abcon decirles que no tenernos d\u00edas libres\u00bb.<br><\/p>\n","protected":false},"excerpt":{"rendered":"<p>&#8212; No hay voluntad para resolver demandas, denuncian los paristas Rosario Garc\u00eda Orozco Chilpancingo, Gro., 23 de febrero del 2023.- Luego de 13 d\u00edas de que iniciaron un paro laboral&hellip; <\/p>\n","protected":false},"author":14,"featured_media":58117,"comment_status":"open","ping_status":"open","sticky":false,"template":"","format":"standard","meta":{"fifu_image_url":"","fifu_image_alt":"","footnotes":""},"categories":[11],"tags":[],"class_list":["post-58116","post","type-post","status-publish","format-standard","has-post-thumbnail","hentry","category-guerrero"],"_links":{"self":[{"href":"https:\/\/www.interaccionnoticias.com.mx\/index.php?rest_route=\/wp\/v2\/posts\/58116","targetHints":{"allow":["GET"]}}],"collection":[{"href":"https:\/\/www.interaccionnoticias.com.mx\/index.php?rest_route=\/wp\/v2\/posts"}],"about":[{"href":"https:\/\/www.interaccionnoticias.com.mx\/index.php?rest_route=\/wp\/v2\/types\/post"}],"author":[{"embeddable":true,"href":"https:\/\/www.interaccionnoticias.com.mx\/index.php?rest_route=\/wp\/v2\/users\/14"}],"replies":[{"embeddable":true,"href":"https:\/\/www.interaccionnoticias.com.mx\/index.php?rest_route=%2Fwp%2Fv2%2Fcomments&post=58116"}],"version-history":[{"count":1,"href":"https:\/\/www.interaccionnoticias.com.mx\/index.php?rest_route=\/wp\/v2\/posts\/58116\/revisions"}],"predecessor-version":[{"id":58118,"href":"https:\/\/www.interaccionnoticias.com.mx\/index.php?rest_route=\/wp\/v2\/posts\/58116\/revisions\/58118"}],"wp:featuredmedia":[{"embeddable":true,"href":"https:\/\/www.interaccionnoticias.com.mx\/index.php?rest_route=\/wp\/v2\/media\/58117"}],"wp:attachment":[{"href":"https:\/\/www.interaccionnoticias.com.mx\/index.php?rest_route=%2Fwp%2Fv2%2Fmedia&parent=58116"}],"wp:term":[{"taxonomy":"category","embeddable":true,"href":"https:\/\/www.interaccionnoticias.com.mx\/index.php?rest_route=%2Fwp%2Fv2%2Fcategories&post=58116"},{"taxonomy":"post_tag","embeddable":true,"href":"https:\/\/www.interaccionnoticias.com.mx\/index.php?rest_route=%2Fwp%2Fv2%2Ftags&post=58116"}],"curies":[{"name":"wp","href":"https:\/\/api.w.org\/{rel}","templated":true}]}}