{"id":58107,"date":"2023-02-23T18:51:26","date_gmt":"2023-02-24T00:51:26","guid":{"rendered":"https:\/\/interaccionnoticias.com.mx\/?p=58107"},"modified":"2023-02-23T18:51:31","modified_gmt":"2023-02-24T00:51:31","slug":"obispo-de-chilpancingo-apoya-al-conservadurismo-acusa-el-dirigente-de-morena-guerrero","status":"publish","type":"post","link":"https:\/\/www.interaccionnoticias.com.mx\/?p=58107","title":{"rendered":"\u201cObispo de Chilpancingo apoya al conservadurismo\u201d, acusa el dirigente de MORENA Guerrero"},"content":{"rendered":"\n<p><strong><em>&#8212; \u201cSon apegados a la vela perpetua\u201d, le dice Jacinto Gonz\u00e1lez Varona a los jerarcas de la Iglesia cat\u00f3lica<\/em><\/strong><\/p>\n\n\n\n<p><strong>Yasm\u00edn Garc\u00eda Chino<\/strong><\/p>\n\n\n\n<p>Chilpancingo, Gro., a 23 de febrero 2023.- El dirigente estatal de Morena, Jacinto Gonz\u00e1lez Varona acus\u00f3 al obispo de la Di\u00f3cesis Chilpancingo-Chilapa, Jos\u00e9 de jes\u00fas Gonz\u00e1lez Hern\u00e1ndez de apoyar a los conservadores del pa\u00eds, luego de que asegurara que Guerrero esta colectivamente secuestrado por la delincuencia organizada.<\/p>\n\n\n\n<p>Gonz\u00e1lez Varona manifest\u00f3 que el movimiento de la Cuarta Transformaci\u00f3n es progresista, motivo por el cual, la iglesia no simpatiza con ellos.<br>La iglesia, manifest\u00f3 que est\u00e1 conformada por conservadores apegados a \u201cla vela perpetua\u201d.<\/p>\n\n\n\n<p>Adem\u00e1s, acus\u00f3 al clero de confrontar abiertamente a la 4T, mientras que en contraste, nunca criticaron a gobiernos pasados, como al del Panista Felipe Calder\u00f3n Hinojosa, mni siquiera cuando asesinaron a p\u00e1rrocos.<\/p>\n\n\n\n<p>El presidente del Comit\u00e9 Ejecutivo Estatal (CEE) de Morena, defendi\u00f3 la estrategia de seguridad implementada en Guerrero, pues se\u00f1al\u00f3 que s\u00ed est\u00e1 funcionando.<br>A manera de ejemplo, calific\u00f3 como un golpe a la delincuencia organizada el repliegue de polic\u00edas ciudadanas o autodefensas en los poblados de Ocotito; Buenavista de la Salud y Tierra Colorada.<br>Incluso, sostuvo que en Guerrero ya no se permitir\u00e1 que los grupos delictivos se sigan disfrazando de polic\u00edas comunitarias.<\/p>\n\n\n\n<p>Gonz\u00e1lez fue cuestionado respecto a si la estrategia de seguridad contempla el hecho de desarticular a grupos como la Coordinadora Regional de Autoridades Comunitarias-Polic\u00eda Comunitaria de los Pueblos Fundadores (CRAC-PF), que opera en la zona rural de Chilapa, municipio azotado por la violencia desde principios del a\u00f1o 2014.<\/p>\n\n\n\n<p>El tambi\u00e9n diputado local, recalc\u00f3 que tendr\u00edan que revisar la ley 701, sobre Reconocimiento, Derechos y Cultura de los Pueblos y Comunidades Ind\u00edgenas del Estado de Guerrero, as\u00ed como los tratados internacionales que abordan el tema de los pueblos originarios, ya que tienen derecho a generar sus propios sistemas de seguridad.<\/p>\n\n\n\n<p>\u201cSi est\u00e1n en el marco de la ley mis respetos, si han demostrado que son emanados del pueblo, tendr\u00edamos que revisar y no lo veo necesario si no est\u00e1n generando conflicto, no es como el Ocotito que hasta carros robados ten\u00edan\u201d, sostuvo Gonz\u00e1lez Varona.<\/p>\n\n\n\n<p>Reproch\u00f3 a gobiernos pasados del que no hayan atacado a los grupos de la delincuencia organizada, ya que incluso, dijo que se les proporcionaban uniformes y les asignaban escoltas para que los cuidaran.<\/p>\n\n\n\n<p>Agreg\u00f3, que el gobierno estatal est\u00e1 atacando la inseguridad de manera frontal, sin temor a los grupos delictivo, por lo que se han instalado Bases de Operaciones Mixtas (BOM), en las que participan el Ej\u00e9rcito Mexicano, la Polic\u00eda del Estado y la Guardia Nacional (GN).<br><\/p>\n","protected":false},"excerpt":{"rendered":"<p>&#8212; \u201cSon apegados a la vela perpetua\u201d, le dice Jacinto Gonz\u00e1lez Varona a los jerarcas de la Iglesia cat\u00f3lica Yasm\u00edn Garc\u00eda Chino Chilpancingo, Gro., a 23 de febrero 2023.- El&hellip; <\/p>\n","protected":false},"author":4,"featured_media":58108,"comment_status":"open","ping_status":"open","sticky":false,"template":"","format":"standard","meta":{"fifu_image_url":"","fifu_image_alt":"","footnotes":""},"categories":[21],"tags":[],"class_list":["post-58107","post","type-post","status-publish","format-standard","has-post-thumbnail","hentry","category-politica"],"_links":{"self":[{"href":"https:\/\/www.interaccionnoticias.com.mx\/index.php?rest_route=\/wp\/v2\/posts\/58107","targetHints":{"allow":["GET"]}}],"collection":[{"href":"https:\/\/www.interaccionnoticias.com.mx\/index.php?rest_route=\/wp\/v2\/posts"}],"about":[{"href":"https:\/\/www.interaccionnoticias.com.mx\/index.php?rest_route=\/wp\/v2\/types\/post"}],"author":[{"embeddable":true,"href":"https:\/\/www.interaccionnoticias.com.mx\/index.php?rest_route=\/wp\/v2\/users\/4"}],"replies":[{"embeddable":true,"href":"https:\/\/www.interaccionnoticias.com.mx\/index.php?rest_route=%2Fwp%2Fv2%2Fcomments&post=58107"}],"version-history":[{"count":1,"href":"https:\/\/www.interaccionnoticias.com.mx\/index.php?rest_route=\/wp\/v2\/posts\/58107\/revisions"}],"predecessor-version":[{"id":58109,"href":"https:\/\/www.interaccionnoticias.com.mx\/index.php?rest_route=\/wp\/v2\/posts\/58107\/revisions\/58109"}],"wp:featuredmedia":[{"embeddable":true,"href":"https:\/\/www.interaccionnoticias.com.mx\/index.php?rest_route=\/wp\/v2\/media\/58108"}],"wp:attachment":[{"href":"https:\/\/www.interaccionnoticias.com.mx\/index.php?rest_route=%2Fwp%2Fv2%2Fmedia&parent=58107"}],"wp:term":[{"taxonomy":"category","embeddable":true,"href":"https:\/\/www.interaccionnoticias.com.mx\/index.php?rest_route=%2Fwp%2Fv2%2Fcategories&post=58107"},{"taxonomy":"post_tag","embeddable":true,"href":"https:\/\/www.interaccionnoticias.com.mx\/index.php?rest_route=%2Fwp%2Fv2%2Ftags&post=58107"}],"curies":[{"name":"wp","href":"https:\/\/api.w.org\/{rel}","templated":true}]}}