{"id":58097,"date":"2023-02-23T12:35:59","date_gmt":"2023-02-23T18:35:59","guid":{"rendered":"https:\/\/interaccionnoticias.com.mx\/?p=58097"},"modified":"2023-02-23T12:36:04","modified_gmt":"2023-02-23T18:36:04","slug":"dos-hombres-privados-de-la-vida-y-desmembrados-en-dos-municipios-de-la-costa-chica","status":"publish","type":"post","link":"https:\/\/www.interaccionnoticias.com.mx\/?p=58097","title":{"rendered":"Dos hombres privados de la vida y desmembrados, en dos municipios de la Costa Chica"},"content":{"rendered":"\n<p><strong>Javier Trujillo<\/strong><\/p>\n\n\n\n<p><strong>Acapulco, Gro. &#8211;<\/strong> En las \u00faltimas 24 horas, dos hombres han sido privados de la vida y desmembrados, en dos municipios de la regi\u00f3n de la Costa Chica del estado de Guerrero.<\/p>\n\n\n\n<p>La fiscal\u00eda general del Estado (FGE), confirm\u00f3 los hechos de violencia en los municipios de Juchit\u00e1n y San Luis Acatl\u00e1n, y se iniciaron las investigaciones por los dos homicidios dolosos, presuntamente cometidos por la delincuencia organizada de la zona.<\/p>\n\n\n\n<p>Esta madrugada, localizaron el cuerpo desmembrado de un hombre en la carretera federal Acapulco Pinotepa, en la localidad de Buenavista, municipio de Juchit\u00e1n, en la v\u00eda federal Acapulco-Pinotepa Nacional.<\/p>\n\n\n\n<p>La v\u00edctima fue identificada como Gelacio \u201cN\u201d, de ocupaci\u00f3n campesino, originario y vecino de esta localidad costachiquese de Juchit\u00e1n.<\/p>\n\n\n\n<p>Este jueves, a las 04:30 horas localizaron el cuerpo desmembrado en las calles del barrio La Villa, del municipio de San Luis Acatl\u00e1n en la Costa Chica.<\/p>\n\n\n\n<p>La v\u00edctima, se encuentra sin ser identificada, y fue localizada junto a una cartulina con un texto del que se ignora el contenido.<\/p>\n\n\n\n<p>En ambos casos la FGE, indica que se contin\u00faa con las investigaciones de ambos homicidios.<\/p>\n\n\n\n<p>Cabe mencionar qu\u00e9 el caso de Gelacio, familiar identificada como Norma \u201cN\u201d, quien refiere que el d\u00eda anterior alrededor de las 20:00 horas, un grupo de hombres fuertemente armados ingresaron al domicilio de la v\u00edctima, para llev\u00e1rselo y dijo que ignora si ten\u00eda problemas con otras personas.<\/p>\n\n\n\n<p>La FGE, estim\u00f3 que por la forma en que fueron cometidos los hechos, se presume la participaci\u00f3n de grupos relacionados con la delincuencia organizada.<\/p>\n","protected":false},"excerpt":{"rendered":"<p>Javier Trujillo Acapulco, Gro. &#8211; En las \u00faltimas 24 horas, dos hombres han sido privados de la vida y desmembrados, en dos municipios de la regi\u00f3n de la Costa Chica&hellip; <\/p>\n","protected":false},"author":3,"featured_media":58098,"comment_status":"open","ping_status":"open","sticky":false,"template":"","format":"standard","meta":{"fifu_image_url":"","fifu_image_alt":"","footnotes":""},"categories":[27],"tags":[],"class_list":["post-58097","post","type-post","status-publish","format-standard","has-post-thumbnail","hentry","category-seguridad-publica"],"_links":{"self":[{"href":"https:\/\/www.interaccionnoticias.com.mx\/index.php?rest_route=\/wp\/v2\/posts\/58097","targetHints":{"allow":["GET"]}}],"collection":[{"href":"https:\/\/www.interaccionnoticias.com.mx\/index.php?rest_route=\/wp\/v2\/posts"}],"about":[{"href":"https:\/\/www.interaccionnoticias.com.mx\/index.php?rest_route=\/wp\/v2\/types\/post"}],"author":[{"embeddable":true,"href":"https:\/\/www.interaccionnoticias.com.mx\/index.php?rest_route=\/wp\/v2\/users\/3"}],"replies":[{"embeddable":true,"href":"https:\/\/www.interaccionnoticias.com.mx\/index.php?rest_route=%2Fwp%2Fv2%2Fcomments&post=58097"}],"version-history":[{"count":1,"href":"https:\/\/www.interaccionnoticias.com.mx\/index.php?rest_route=\/wp\/v2\/posts\/58097\/revisions"}],"predecessor-version":[{"id":58099,"href":"https:\/\/www.interaccionnoticias.com.mx\/index.php?rest_route=\/wp\/v2\/posts\/58097\/revisions\/58099"}],"wp:featuredmedia":[{"embeddable":true,"href":"https:\/\/www.interaccionnoticias.com.mx\/index.php?rest_route=\/wp\/v2\/media\/58098"}],"wp:attachment":[{"href":"https:\/\/www.interaccionnoticias.com.mx\/index.php?rest_route=%2Fwp%2Fv2%2Fmedia&parent=58097"}],"wp:term":[{"taxonomy":"category","embeddable":true,"href":"https:\/\/www.interaccionnoticias.com.mx\/index.php?rest_route=%2Fwp%2Fv2%2Fcategories&post=58097"},{"taxonomy":"post_tag","embeddable":true,"href":"https:\/\/www.interaccionnoticias.com.mx\/index.php?rest_route=%2Fwp%2Fv2%2Ftags&post=58097"}],"curies":[{"name":"wp","href":"https:\/\/api.w.org\/{rel}","templated":true}]}}