{"id":5809,"date":"2017-06-27T19:51:27","date_gmt":"2017-06-28T00:51:27","guid":{"rendered":"http:\/\/www.inter-accion.com.mx\/?p=5809"},"modified":"2017-06-27T19:51:27","modified_gmt":"2017-06-28T00:51:27","slug":"rendicion-de-cuentas-base-para-la-reconstruccion-de-guerrero-apreza","status":"publish","type":"post","link":"https:\/\/www.interaccionnoticias.com.mx\/?p=5809","title":{"rendered":"Rendici\u00f3n de cuentas, base para la reconstrucci\u00f3n de Guerrero: Apreza"},"content":{"rendered":"<p class=\"m_-8071568295629419298x_MsoNormal\">La reconstrucci\u00f3n de Guerrero pasa obligadamente por un buen ejercicio de los recursos y necesariamente por un sistema adecuado de rendici\u00f3n de cuentas, enfatiz\u00f3 el secretario de Finanzas y Administraci\u00f3n, H\u00e9ctor Apreza Patr\u00f3n al inaugurar la Jornada de Capacitaci\u00f3n que organiza la AGE, para la presentaci\u00f3n del Informe Financiero Semestral del Primer Periodo del Ejercicio Fiscal 2017.<\/p>\n<p class=\"m_-8071568295629419298x_MsoNormal\">En su mensaje a los asistentes, Apreza Patr\u00f3n recalc\u00f3 que para el gobierno que encabeza H\u00e9ctor Astudillo Flores, la rendici\u00f3n de cuentas no es un asunto menor. \u201cEst\u00e1 en nuestras manos, hagamos un compromiso no solamente legal, convirt\u00e1mosla en un compromiso \u00e9tico, un compromiso personal y moral\u201d, agreg\u00f3 en su intervenci\u00f3n.<\/p>\n<p class=\"m_-8071568295629419298x_MsoNormal\">En el evento en que estuvieron el auditor general del Estado, Alfonso Dami\u00e1n Peralta, personal de los tres poderes, de entidades paraestatales, \u00f3rganos aut\u00f3nomos y paramunicipales, el titular de la Sefina Guerrero destac\u00f3 que en la entidad se hacen grandes esfuerzos en el tema de la rendici\u00f3n de cuentas.<\/p>\n<p class=\"m_-8071568295629419298x_MsoNormal\">En ese sentido resalt\u00f3 la labor de la AGE al trabajar de forma coordinada con las dependencias, al capacitar a los trabajadores involucrados.<\/p>\n<p class=\"m_-8071568295629419298x_MsoNormal\">\u201cNo es un cumplido institucional, porque (la AGE) pudiera adoptar una posici\u00f3n de decir, estas son las leyes y es tu obligaci\u00f3n cumplirlas, y en lugar de asumir esta actitud, va al encuentro y dice vayamos juntos, tenemos que construir este sistema de rendici\u00f3n de cuentas que demanda la sociedad\u201d, a\u00f1adi\u00f3.<\/p>\n<p class=\"m_-8071568295629419298x_MsoNormal\">\u201cA los asistentes los felicito por asistir a un evento de esta naturaleza. Tenemos el gran compromiso de transformar Guerrero, de reconstruir a Guerrero, como lo se\u00f1ala el gobernador H\u00e9ctor Astudillo\u201d, dijo Apreza Patr\u00f3n.<\/p>\n<p class=\"m_-8071568295629419298x_MsoNormal\">Al mencionar que la rendici\u00f3n de cuentas va de la mano con el tema de la transparencia, el titular de la Sefina Guerrero resalt\u00f3 que el Ejecutivo del estado seguir\u00e1 trabajando estos temas, por lo que reconoci\u00f3 la labor de la Secretar\u00eda de Contralor\u00eda y Transparencia Gubernamental y su titular Mario Ramos del Carmen, para homologar el marco legal e impulsar los procesos de capacitaci\u00f3n interna.<\/p>\n<p class=\"m_-8071568295629419298x_MsoNormal\">\u201cNo solamente vamos a tener tranquilidad actual y futura, vamos a cumplir con una demanda ciudadana, con una demanda social. Sostengo que la rendici\u00f3n de cuentas es lo mejor que los servidores p\u00fablicos podemos entregarle a nuestro querido estado de Guerrero\u201d, concluy\u00f3.<\/p>\n<p class=\"m_-8071568295629419298x_MsoNormal\">Al evento asistieron tambi\u00e9n el diputado presidente de la Comisi\u00f3n de Presupuesto y Cuenta P\u00fablica del Congreso local, Eusebio Gonz\u00e1lez Rodr\u00edguez; los subsecretarios de Administraci\u00f3n, Tulio P\u00e9rez Calvo; de Egresos, Eduardo Monta\u00f1o Salinas y de Ingresos, Mary Carmen L\u00f3pez Olivares y la comisionada presidenta del Itaigro, Elizabeth Patr\u00f3n Osorio.<\/p>\n<p class=\"m_-8071568295629419298x_MsoNormal\">Tambi\u00e9n el presidente del Comit\u00e9 Consultivo del Programa Estatal de \u00c9tica, Transparencia y Combate a la Corrupci\u00f3n, C\u00e9sar Gonz\u00e1lez Arcos; el fiscal Anticorrupci\u00f3n, N\u00e9stor Fiallo Samayoa y la diputada local, Silvia Romero Su\u00e1rez.<\/p>\n","protected":false},"excerpt":{"rendered":"<p>La reconstrucci\u00f3n de Guerrero pasa obligadamente por un buen ejercicio de los recursos y necesariamente por un sistema adecuado de rendici\u00f3n de cuentas, enfatiz\u00f3 el secretario de Finanzas y Administraci\u00f3n,&hellip; <\/p>\n","protected":false},"author":1,"featured_media":0,"comment_status":"closed","ping_status":"closed","sticky":false,"template":"","format":"standard","meta":{"fifu_image_url":"","fifu_image_alt":"","footnotes":""},"categories":[8,11],"tags":[],"class_list":["post-5809","post","type-post","status-publish","format-standard","hentry","category-featured","category-guerrero"],"_links":{"self":[{"href":"https:\/\/www.interaccionnoticias.com.mx\/index.php?rest_route=\/wp\/v2\/posts\/5809","targetHints":{"allow":["GET"]}}],"collection":[{"href":"https:\/\/www.interaccionnoticias.com.mx\/index.php?rest_route=\/wp\/v2\/posts"}],"about":[{"href":"https:\/\/www.interaccionnoticias.com.mx\/index.php?rest_route=\/wp\/v2\/types\/post"}],"author":[{"embeddable":true,"href":"https:\/\/www.interaccionnoticias.com.mx\/index.php?rest_route=\/wp\/v2\/users\/1"}],"replies":[{"embeddable":true,"href":"https:\/\/www.interaccionnoticias.com.mx\/index.php?rest_route=%2Fwp%2Fv2%2Fcomments&post=5809"}],"version-history":[{"count":0,"href":"https:\/\/www.interaccionnoticias.com.mx\/index.php?rest_route=\/wp\/v2\/posts\/5809\/revisions"}],"wp:attachment":[{"href":"https:\/\/www.interaccionnoticias.com.mx\/index.php?rest_route=%2Fwp%2Fv2%2Fmedia&parent=5809"}],"wp:term":[{"taxonomy":"category","embeddable":true,"href":"https:\/\/www.interaccionnoticias.com.mx\/index.php?rest_route=%2Fwp%2Fv2%2Fcategories&post=5809"},{"taxonomy":"post_tag","embeddable":true,"href":"https:\/\/www.interaccionnoticias.com.mx\/index.php?rest_route=%2Fwp%2Fv2%2Ftags&post=5809"}],"curies":[{"name":"wp","href":"https:\/\/api.w.org\/{rel}","templated":true}]}}