{"id":58075,"date":"2023-02-22T17:28:25","date_gmt":"2023-02-22T23:28:25","guid":{"rendered":"https:\/\/interaccionnoticias.com.mx\/?p=58075"},"modified":"2023-02-22T17:28:29","modified_gmt":"2023-02-22T23:28:29","slug":"ex-rector-de-la-uagro-pide-por-el-pronto-regreso-de-estudiante-desaparecida","status":"publish","type":"post","link":"https:\/\/www.interaccionnoticias.com.mx\/?p=58075","title":{"rendered":"Ex rector de la UAGro pide por el pronto regreso de estudiante desaparecida"},"content":{"rendered":"\n<p><strong><em>&#8212; Karen Melissa Pe\u00f1aloza, de quien se desconoce el paradero desde el 31 de enero<\/em><\/strong><\/p>\n\n\n\n<p><strong>Eduardo Yener Santos \/ CHILPANCINGO, Gro., 22 de febrero 2023<\/strong><\/p>\n\n\n\n<p>El exrector de la Universidad Aut\u00f3noma de Guerrero (Uagro), Javier Salda\u00f1a Almaz\u00e1n llam\u00f3 a las autoridades del Estado a que ojal\u00e1 pronto localicen y regresen a la estudiante de la escuela de Derecho, Karen Melissa Pe\u00f1aloza, desaparecida el 31 de enero en Chilpancingo.<\/p>\n\n\n\n<p>En breves declaraciones esta tarde en el centro de la capital, despu\u00e9s de participar en una conferencia magistral en educaci\u00f3n, Salda\u00f1a Almaz\u00e1n dijo que su llamado respetuoso a las autoridades es para que las autoridades agilicen las investigaciones y localicen a la joven estudiante de la facultad de derecho<\/p>\n\n\n\n<p>Conf\u00edo en que el actual rector de la Uagro, Jos\u00e9 Alfredo Olea y el director de la escuela de derecho, Tonatiuth Astudillo emitan postura y opini\u00f3n para que Karen Melissa Pe\u00f1aloza aparezca quien lleva m\u00e1s de 20 d\u00edas desaparecida.<\/p>\n\n\n\n<p>De acuerdo a la Fiscal\u00eda General del Estado, Karen Melissa Pe\u00f1aloza desapareci\u00f3 el 31 de enero al sur de Chilpancingo.<\/p>\n\n\n\n<p>Familiares de la joven han denunciado que Karen desapareci\u00f3 despu\u00e9s de abordar un taxi cerca de la comunidad de Petaquillas y hasta la fecha se desconoce su paradero<\/p>\n\n\n\n<p>En otro tema, Javier Salda\u00f1a llam\u00f3 a sus compa\u00f1eros universitarios que se oponen a su candidatura para la rector\u00eda, que \u201ceviten el show\u201d es decir que no se opongan, indicando que no es necesario porque los guerreases quieren una universidad unida y trabajadora<\/p>\n\n\n\n<p>Lo anterior, debido a que la semana pasada en la Unidad Acad\u00e9mica de Filosof\u00eda, la maestra Silvia Alem\u00e1n Mundo le grit\u00f3 \u201ccacique\u201d a Salda\u00f1a Almaz\u00e1n durante un evento en duda facultad<\/p>\n\n\n\n<p>Este mi\u00e9rcoles, Javier Salda\u00f1a dijo que en pr\u00f3ximo proceso electoral por la rector\u00eda de la Uagro, se tendr\u00e1 un candidato de unidad porque \u00e9l ha estado trabajando, llamando a los docentes a \u201cno hay que dar el show, no es necesario porque en la Universidad y en mi coraz\u00f3n caben todos aunque me digan cosas, yo aguanto\u201d<\/p>\n","protected":false},"excerpt":{"rendered":"<p>&#8212; Karen Melissa Pe\u00f1aloza, de quien se desconoce el paradero desde el 31 de enero Eduardo Yener Santos \/ CHILPANCINGO, Gro., 22 de febrero 2023 El exrector de la Universidad&hellip; <\/p>\n","protected":false},"author":31,"featured_media":58076,"comment_status":"open","ping_status":"open","sticky":false,"template":"","format":"standard","meta":{"fifu_image_url":"","fifu_image_alt":"","footnotes":""},"categories":[30],"tags":[],"class_list":["post-58075","post","type-post","status-publish","format-standard","has-post-thumbnail","hentry","category-universidad"],"_links":{"self":[{"href":"https:\/\/www.interaccionnoticias.com.mx\/index.php?rest_route=\/wp\/v2\/posts\/58075","targetHints":{"allow":["GET"]}}],"collection":[{"href":"https:\/\/www.interaccionnoticias.com.mx\/index.php?rest_route=\/wp\/v2\/posts"}],"about":[{"href":"https:\/\/www.interaccionnoticias.com.mx\/index.php?rest_route=\/wp\/v2\/types\/post"}],"author":[{"embeddable":true,"href":"https:\/\/www.interaccionnoticias.com.mx\/index.php?rest_route=\/wp\/v2\/users\/31"}],"replies":[{"embeddable":true,"href":"https:\/\/www.interaccionnoticias.com.mx\/index.php?rest_route=%2Fwp%2Fv2%2Fcomments&post=58075"}],"version-history":[{"count":1,"href":"https:\/\/www.interaccionnoticias.com.mx\/index.php?rest_route=\/wp\/v2\/posts\/58075\/revisions"}],"predecessor-version":[{"id":58077,"href":"https:\/\/www.interaccionnoticias.com.mx\/index.php?rest_route=\/wp\/v2\/posts\/58075\/revisions\/58077"}],"wp:featuredmedia":[{"embeddable":true,"href":"https:\/\/www.interaccionnoticias.com.mx\/index.php?rest_route=\/wp\/v2\/media\/58076"}],"wp:attachment":[{"href":"https:\/\/www.interaccionnoticias.com.mx\/index.php?rest_route=%2Fwp%2Fv2%2Fmedia&parent=58075"}],"wp:term":[{"taxonomy":"category","embeddable":true,"href":"https:\/\/www.interaccionnoticias.com.mx\/index.php?rest_route=%2Fwp%2Fv2%2Fcategories&post=58075"},{"taxonomy":"post_tag","embeddable":true,"href":"https:\/\/www.interaccionnoticias.com.mx\/index.php?rest_route=%2Fwp%2Fv2%2Ftags&post=58075"}],"curies":[{"name":"wp","href":"https:\/\/api.w.org\/{rel}","templated":true}]}}