{"id":58062,"date":"2023-02-22T13:02:23","date_gmt":"2023-02-22T19:02:23","guid":{"rendered":"https:\/\/interaccionnoticias.com.mx\/?p=58062"},"modified":"2023-02-22T13:02:28","modified_gmt":"2023-02-22T19:02:28","slug":"obispo-de-chilpancingo-en-guerrero-hay-territorios-completos-secuestrados-por-el-crimen","status":"publish","type":"post","link":"https:\/\/www.interaccionnoticias.com.mx\/?p=58062","title":{"rendered":"Obispo de Chilpancingo: En Guerrero hay territorios completos secuestrados por el crimen"},"content":{"rendered":"\n<p><em><strong>&#8212; Monse\u00f1or Jos\u00e9 de Jes\u00fas Hern\u00e1ndez hace un llamado a las autoridades para no caer en la corrupci\u00f3n<\/strong><\/em><\/p>\n\n\n\n<p><strong>Jes\u00fas Dorantes<\/strong><\/p>\n\n\n\n<p><strong>Chilpancingo, Gro.- <\/strong>\u201cLos secuestros en la actualidad no se hacen s\u00f3lo a personas, en la entidad hay zonas completamente sometidas por grupos del crimen organizado\u201d, asegur\u00f3 el obispo de la Di\u00f3cesis Chilpancingo-Chilapa, Jos\u00e9 de Jes\u00fas Gonz\u00e1lez Hern\u00e1ndez.<\/p>\n\n\n\n<p>Al terminar la misa oficiada por el \u201cMi\u00e9rcoles de Ceniza\u201d, el representante de la iglesia cat\u00f3lica en la regi\u00f3n Centro del estado, Gonz\u00e1lez Hern\u00e1ndez destac\u00f3 que al igual que sus hom\u00f3logos de las otras regiones, ha llegado a la conclusi\u00f3n de que el Estado, sus municipios y comunidades se encuentran secuestrados.<\/p>\n\n\n\n<p>\u201cColectivamente estamos secuestrados, ya no es un secuestro individual, personal o familiar, ya no podemos decir as\u00ed, ya son regiones o municipios secuestrados o el Estado, pues por el crimen, por los grupos que ya tienen o se les a dado mucha fuerza\u201d, anot\u00f3.<\/p>\n\n\n\n<p>Tambi\u00e9n refiri\u00f3 que esa fuerza los grupos la han obtenido por medio de la presi\u00f3n, y su poder es tan visible que los obispos del estado detectaron el sometimiento al que son obligadas cientos de personas.<\/p>\n\n\n\n<p>Hizo un llamado a las autoridades con la frase \u201calzamos la voz pero no tan fuerte para no generalizar, porque no todos est\u00e1n a favor de los secuestros colectivos\u201d.<\/p>\n\n\n\n<p>Tambi\u00e9n hizo un exhorto a las autoridades para no caer en actos de corrupci\u00f3n.<\/p>\n\n\n\n<p>\u201cHacemos un llamado a las autoridades para que no se dejen influir por lo grupos del crimen organizado, adem\u00e1s de que no se llegue al exceso de la violencia para detenerlos\u201d.<\/p>\n\n\n\n<p>En ese tenor, dijo que los que llevan la peor parte del secuestrado multitudinario son los guerrerenses \u201cLas v\u00edctimas est\u00e1n sufriendo porque no pueden salir a hacer sus vidas, pues est\u00e1n esclavizados por los grupos armados o delincuenciales\u201d.<\/p>\n\n\n\n<p>Acept\u00f3 que no solo el gobierno incurri\u00f3 en actos de corrupci\u00f3n, tambi\u00e9n la misma iglesia que \u00e9l representa: \u201cEl gobierno, la iglesia y todos hemos permitido la corrupci\u00f3n y la maldad que tenemos en M\u00e9xico y sobre todo en Guerrero\u201d.<\/p>\n","protected":false},"excerpt":{"rendered":"<p>&#8212; Monse\u00f1or Jos\u00e9 de Jes\u00fas Hern\u00e1ndez hace un llamado a las autoridades para no caer en la corrupci\u00f3n Jes\u00fas Dorantes Chilpancingo, Gro.- \u201cLos secuestros en la actualidad no se hacen&hellip; <\/p>\n","protected":false},"author":8,"featured_media":58063,"comment_status":"open","ping_status":"open","sticky":false,"template":"","format":"standard","meta":{"fifu_image_url":"","fifu_image_alt":"","footnotes":""},"categories":[11],"tags":[],"class_list":["post-58062","post","type-post","status-publish","format-standard","has-post-thumbnail","hentry","category-guerrero"],"_links":{"self":[{"href":"https:\/\/www.interaccionnoticias.com.mx\/index.php?rest_route=\/wp\/v2\/posts\/58062","targetHints":{"allow":["GET"]}}],"collection":[{"href":"https:\/\/www.interaccionnoticias.com.mx\/index.php?rest_route=\/wp\/v2\/posts"}],"about":[{"href":"https:\/\/www.interaccionnoticias.com.mx\/index.php?rest_route=\/wp\/v2\/types\/post"}],"author":[{"embeddable":true,"href":"https:\/\/www.interaccionnoticias.com.mx\/index.php?rest_route=\/wp\/v2\/users\/8"}],"replies":[{"embeddable":true,"href":"https:\/\/www.interaccionnoticias.com.mx\/index.php?rest_route=%2Fwp%2Fv2%2Fcomments&post=58062"}],"version-history":[{"count":1,"href":"https:\/\/www.interaccionnoticias.com.mx\/index.php?rest_route=\/wp\/v2\/posts\/58062\/revisions"}],"predecessor-version":[{"id":58064,"href":"https:\/\/www.interaccionnoticias.com.mx\/index.php?rest_route=\/wp\/v2\/posts\/58062\/revisions\/58064"}],"wp:featuredmedia":[{"embeddable":true,"href":"https:\/\/www.interaccionnoticias.com.mx\/index.php?rest_route=\/wp\/v2\/media\/58063"}],"wp:attachment":[{"href":"https:\/\/www.interaccionnoticias.com.mx\/index.php?rest_route=%2Fwp%2Fv2%2Fmedia&parent=58062"}],"wp:term":[{"taxonomy":"category","embeddable":true,"href":"https:\/\/www.interaccionnoticias.com.mx\/index.php?rest_route=%2Fwp%2Fv2%2Fcategories&post=58062"},{"taxonomy":"post_tag","embeddable":true,"href":"https:\/\/www.interaccionnoticias.com.mx\/index.php?rest_route=%2Fwp%2Fv2%2Ftags&post=58062"}],"curies":[{"name":"wp","href":"https:\/\/api.w.org\/{rel}","templated":true}]}}