{"id":58031,"date":"2023-02-21T21:19:36","date_gmt":"2023-02-22T03:19:36","guid":{"rendered":"https:\/\/interaccionnoticias.com.mx\/?p=58031"},"modified":"2023-02-21T21:19:41","modified_gmt":"2023-02-22T03:19:41","slug":"fundacion-chocho-se-deslinda-de-las-trenzas-recabadas-en-el-trenzaton-infantil-2023","status":"publish","type":"post","link":"https:\/\/www.interaccionnoticias.com.mx\/?p=58031","title":{"rendered":"Fundacion Chocho se deslinda de las trenzas recabadas en el Trenzat\u00f3n Infantil 2023"},"content":{"rendered":"\n<p><strong><em>&#8212; El DIF Municipal no respeto las Especificaciones que deb\u00eda tener el cabello para la fabricaci\u00f3n de pelucas oncol\u00f3gicas<\/em><\/strong><\/p>\n\n\n\n<p><strong>Yasm\u00edn Garc\u00eda Chino<\/strong><\/p>\n\n\n\n<p><strong>Chilpancingo, Gro., a 21 de febrero 2023.-<\/strong> La Fundaci\u00f3n Chocho se deslind\u00f3 del destino final de las trenzas recabadas en el \u201cTrenzat\u00f3n Infantil 2023\u201d que se llev\u00f3 a cabo el pasado 17 de febrero en la plaza c\u00edvica Primer Congreso de An\u00e1huac, en el marco del d\u00eda internacional del c\u00e1ncer (ICCD), ya que quedaron a resguardo del DIF municipal, realizando una entrega tard\u00eda a la fundaci\u00f3n adem\u00e1s de que no fueron respetadas las especificaciones que deb\u00eda cumplir el cabello.<\/p>\n\n\n\n<p>A trav\u00e9s de un comunicado en su p\u00e1gina oficial de Facebook la fundaci\u00f3n detall\u00f3 que una trenza debe de medir 40 cent\u00edmetros de liga a liga debido a que las pelucas oncol\u00f3gicas que las ni\u00f1as y mujeres pacientes de c\u00e1ncer solicitan deben de cumplir con medidas especificas para su previo tratamiento de fabricaci\u00f3n.<\/p>\n\n\n\n<p>En esta ocasi\u00f3n el DIF Municipal que encabeza la presidenta Rosa Arely Hern\u00e1ndez Mart\u00ednez, solo entreg\u00f3 la cantidad de 50 trenzas, cabe se\u00f1alar que en a\u00f1os anteriores se llegan a recolectar hasta doscientas cinco.<\/p>\n\n\n\n<p>Fundaci\u00f3n Chocho tiene presencia a nivel nacional y no promueve la creaci\u00f3n de campa\u00f1as de corte de cabello sin resultados reales, los cuales solo se demostrar\u00e1n con la entrega diaria de pelucas oncol\u00f3gicas de manera gratuita a pacientes mujeres en todo el pa\u00eds.<\/p>\n\n\n\n<p>En ese sentido la fundaci\u00f3n pidi\u00f3 a la sociedad en general no participar en colectas de cabello corto, que solo terminan jugando con el sentimiento de miles de personas, que con gran amor y cari\u00f1o cuidan de su cabello para ser donado y transformado realmente en una peluca oncol\u00f3gica y lament\u00f3 que las ni\u00f1as que donaron su cabello el pasado 17 de febrero no sea utilizado para la elaboraci\u00f3n de las pelucas oncol\u00f3gicas, lo que abona a que la lista de espera de pacientes con c\u00e1ncer siga aumentando.<\/p>\n\n\n\n<figure class=\"wp-block-gallery columns-1 is-cropped wp-block-gallery-1 is-layout-flex wp-block-gallery-is-layout-flex\"><ul class=\"blocks-gallery-grid\"><li class=\"blocks-gallery-item\"><figure><img decoding=\"async\" src=\"data:image\/gif;base64,R0lGODlhAQABAIAAAAAAAP\/\/\/ywAAAAAAQABAAACAUwAOw==\" fifu-lazy=\"1\" fifu-data-sizes=\"auto\" fifu-data-srcset=\"https:\/\/i3.wp.com\/interaccionnoticias.com.mx\/wp-content\/uploads\/2023\/02\/230221-Trenzatlon-730x1024.jpeg?ssl=1&w=75&resize=75&ssl=1 75w, https:\/\/i3.wp.com\/interaccionnoticias.com.mx\/wp-content\/uploads\/2023\/02\/230221-Trenzatlon-730x1024.jpeg?ssl=1&w=100&resize=100&ssl=1 100w, https:\/\/i3.wp.com\/interaccionnoticias.com.mx\/wp-content\/uploads\/2023\/02\/230221-Trenzatlon-730x1024.jpeg?ssl=1&w=150&resize=150&ssl=1 150w, https:\/\/i3.wp.com\/interaccionnoticias.com.mx\/wp-content\/uploads\/2023\/02\/230221-Trenzatlon-730x1024.jpeg?ssl=1&w=240&resize=240&ssl=1 240w, https:\/\/i3.wp.com\/interaccionnoticias.com.mx\/wp-content\/uploads\/2023\/02\/230221-Trenzatlon-730x1024.jpeg?ssl=1&w=320&resize=320&ssl=1 320w, https:\/\/i3.wp.com\/interaccionnoticias.com.mx\/wp-content\/uploads\/2023\/02\/230221-Trenzatlon-730x1024.jpeg?ssl=1&w=500&resize=500&ssl=1 500w, https:\/\/i3.wp.com\/interaccionnoticias.com.mx\/wp-content\/uploads\/2023\/02\/230221-Trenzatlon-730x1024.jpeg?ssl=1&w=640&resize=640&ssl=1 640w, https:\/\/i3.wp.com\/interaccionnoticias.com.mx\/wp-content\/uploads\/2023\/02\/230221-Trenzatlon-730x1024.jpeg?ssl=1&w=800&resize=800&ssl=1 800w, https:\/\/i3.wp.com\/interaccionnoticias.com.mx\/wp-content\/uploads\/2023\/02\/230221-Trenzatlon-730x1024.jpeg?ssl=1&w=1024&resize=1024&ssl=1 1024w, https:\/\/i3.wp.com\/interaccionnoticias.com.mx\/wp-content\/uploads\/2023\/02\/230221-Trenzatlon-730x1024.jpeg?ssl=1&w=1280&resize=1280&ssl=1 1280w, https:\/\/i3.wp.com\/interaccionnoticias.com.mx\/wp-content\/uploads\/2023\/02\/230221-Trenzatlon-730x1024.jpeg?ssl=1&w=1600&resize=1600&ssl=1 1600w\" fifu-data-src=\"https:\/\/i3.wp.com\/interaccionnoticias.com.mx\/wp-content\/uploads\/2023\/02\/230221-Trenzatlon-730x1024.jpeg?ssl=1\" alt=\"\" data-id=\"58033\" data-full-url=\"https:\/\/interaccionnoticias.com.mx\/wp-content\/uploads\/2023\/02\/230221-Trenzatlon.jpeg\" data-link=\"https:\/\/interaccionnoticias.com.mx\/?attachment_id=58033\" class=\"wp-image-58033\"\/><\/figure><\/li><\/ul><\/figure>\n","protected":false},"excerpt":{"rendered":"<p>&#8212; El DIF Municipal no respeto las Especificaciones que deb\u00eda tener el cabello para la fabricaci\u00f3n de pelucas oncol\u00f3gicas Yasm\u00edn Garc\u00eda Chino Chilpancingo, Gro., a 21 de febrero 2023.- La&hellip; <\/p>\n","protected":false},"author":4,"featured_media":58032,"comment_status":"open","ping_status":"open","sticky":false,"template":"","format":"standard","meta":{"fifu_image_url":"","fifu_image_alt":"","footnotes":""},"categories":[29],"tags":[],"class_list":["post-58031","post","type-post","status-publish","format-standard","has-post-thumbnail","hentry","category-sociedad"],"_links":{"self":[{"href":"https:\/\/www.interaccionnoticias.com.mx\/index.php?rest_route=\/wp\/v2\/posts\/58031","targetHints":{"allow":["GET"]}}],"collection":[{"href":"https:\/\/www.interaccionnoticias.com.mx\/index.php?rest_route=\/wp\/v2\/posts"}],"about":[{"href":"https:\/\/www.interaccionnoticias.com.mx\/index.php?rest_route=\/wp\/v2\/types\/post"}],"author":[{"embeddable":true,"href":"https:\/\/www.interaccionnoticias.com.mx\/index.php?rest_route=\/wp\/v2\/users\/4"}],"replies":[{"embeddable":true,"href":"https:\/\/www.interaccionnoticias.com.mx\/index.php?rest_route=%2Fwp%2Fv2%2Fcomments&post=58031"}],"version-history":[{"count":1,"href":"https:\/\/www.interaccionnoticias.com.mx\/index.php?rest_route=\/wp\/v2\/posts\/58031\/revisions"}],"predecessor-version":[{"id":58034,"href":"https:\/\/www.interaccionnoticias.com.mx\/index.php?rest_route=\/wp\/v2\/posts\/58031\/revisions\/58034"}],"wp:featuredmedia":[{"embeddable":true,"href":"https:\/\/www.interaccionnoticias.com.mx\/index.php?rest_route=\/wp\/v2\/media\/58032"}],"wp:attachment":[{"href":"https:\/\/www.interaccionnoticias.com.mx\/index.php?rest_route=%2Fwp%2Fv2%2Fmedia&parent=58031"}],"wp:term":[{"taxonomy":"category","embeddable":true,"href":"https:\/\/www.interaccionnoticias.com.mx\/index.php?rest_route=%2Fwp%2Fv2%2Fcategories&post=58031"},{"taxonomy":"post_tag","embeddable":true,"href":"https:\/\/www.interaccionnoticias.com.mx\/index.php?rest_route=%2Fwp%2Fv2%2Ftags&post=58031"}],"curies":[{"name":"wp","href":"https:\/\/api.w.org\/{rel}","templated":true}]}}