{"id":58005,"date":"2023-02-21T12:57:47","date_gmt":"2023-02-21T18:57:47","guid":{"rendered":"https:\/\/interaccionnoticias.com.mx\/?p=58005"},"modified":"2023-02-21T12:57:52","modified_gmt":"2023-02-21T18:57:52","slug":"trabajadores-de-la-sare-1203-de-la-coordinacion-nacional-de-becas-asistiran-a-la-mananera-en-busca-de-amlo","status":"publish","type":"post","link":"https:\/\/www.interaccionnoticias.com.mx\/?p=58005","title":{"rendered":"Trabajadores de la SARE 1203 de la Coordinaci\u00f3n Nacional de becas asistir\u00e1n a la ma\u00f1anera en busca de AMLO"},"content":{"rendered":"\n<p><em><strong>&#8212; Para hacerle saber sus peticiones, en caso de no ser atendidos se instalar\u00e1n en huelga de hambre<\/strong><\/em><\/p>\n\n\n\n<p><strong>Yasm\u00edn Garc\u00eda Chino<\/strong><\/p>\n\n\n\n<p><strong>Chilpancingo, Gro., a 21 de febrero 2023.-<\/strong> Trabajadores de la Sede Auxiliar Regional 1203 (SARE), de la Coordinaci\u00f3n Nacional de becas para el bienestar Benito Ju\u00e1rez, asistir\u00e1n a la Ciudad de M\u00e9xico a la ma\u00f1anera del presidente Andr\u00e9s Manuel L\u00f3pez Obrador, en caso de no ser atendidos se instalar\u00e1n en huelga de hambre, para hacerle saber la problem\u00e1tica que enfrentan.<\/p>\n\n\n\n<p>Los trabajadores de contrato iniciaron un paro de labores en las oficinas ubicadas sobre el encauzamiento del r\u00edo huacapa, hace m\u00e1s de 10 d\u00edas, asimismo las sedes de SARE en Iguala, Tixtla, Ometepec, Ciudad Altamirano, Tlapa y Tixtla.<\/p>\n\n\n\n<p>Dentro de las peticiones destacan las prestaciones de ley, como el seguro de vida, jornada laboral menor a 12 horas y un d\u00eda descanso actualmente su jornada es de lunes a domingo en campo y por m\u00e1s de 12 horas, as\u00ed como pago quincenal y no por mes.<\/p>\n\n\n\n<p>Una de las trabajadoras se\u00f1al\u00f3 que Clemente Gerardo L\u00f3pez encargado de la coordinaci\u00f3n nacional de becas en el estado y \u00c1ngel Garc\u00eda Garc\u00eda jefe de oficina de la SAER 1203, no se han prestado al di\u00e1logo, adem\u00e1s de amenazarlos con despedirlos.<\/p>\n\n\n\n<p>Hace aproximadamente una semana una comisi\u00f3n de becas provenientes de Ciudad de M\u00e9xico, acudi\u00f3 al plant\u00f3n a Iguala de la Independencia para ofrecerles firmar una minuta de acuerdos, la cual acusaron estar al margen de la ley ya que les ofrece estar en campo de lunes a s\u00e1bado y los d\u00edas domingo en oficina.<\/p>\n\n\n\n<p>Debido a las amenazas y hostigamiento por parte de los funcionarios de becas y de la omisi\u00f3n ante la problem\u00e1tica del delegado del bienestar en Guerrero, Iv\u00e1n Hern\u00e1ndez D\u00edaz, alrededor de 15 trabajadores tomaron la decisi\u00f3n de buscar al presidente Andr\u00e9s Manuel L\u00f3pez Obrador.<\/p>\n","protected":false},"excerpt":{"rendered":"<p>&#8212; Para hacerle saber sus peticiones, en caso de no ser atendidos se instalar\u00e1n en huelga de hambre Yasm\u00edn Garc\u00eda Chino Chilpancingo, Gro., a 21 de febrero 2023.- Trabajadores de&hellip; <\/p>\n","protected":false},"author":4,"featured_media":58006,"comment_status":"open","ping_status":"open","sticky":false,"template":"","format":"standard","meta":{"fifu_image_url":"","fifu_image_alt":"","footnotes":""},"categories":[11],"tags":[],"class_list":["post-58005","post","type-post","status-publish","format-standard","has-post-thumbnail","hentry","category-guerrero"],"_links":{"self":[{"href":"https:\/\/www.interaccionnoticias.com.mx\/index.php?rest_route=\/wp\/v2\/posts\/58005","targetHints":{"allow":["GET"]}}],"collection":[{"href":"https:\/\/www.interaccionnoticias.com.mx\/index.php?rest_route=\/wp\/v2\/posts"}],"about":[{"href":"https:\/\/www.interaccionnoticias.com.mx\/index.php?rest_route=\/wp\/v2\/types\/post"}],"author":[{"embeddable":true,"href":"https:\/\/www.interaccionnoticias.com.mx\/index.php?rest_route=\/wp\/v2\/users\/4"}],"replies":[{"embeddable":true,"href":"https:\/\/www.interaccionnoticias.com.mx\/index.php?rest_route=%2Fwp%2Fv2%2Fcomments&post=58005"}],"version-history":[{"count":1,"href":"https:\/\/www.interaccionnoticias.com.mx\/index.php?rest_route=\/wp\/v2\/posts\/58005\/revisions"}],"predecessor-version":[{"id":58007,"href":"https:\/\/www.interaccionnoticias.com.mx\/index.php?rest_route=\/wp\/v2\/posts\/58005\/revisions\/58007"}],"wp:featuredmedia":[{"embeddable":true,"href":"https:\/\/www.interaccionnoticias.com.mx\/index.php?rest_route=\/wp\/v2\/media\/58006"}],"wp:attachment":[{"href":"https:\/\/www.interaccionnoticias.com.mx\/index.php?rest_route=%2Fwp%2Fv2%2Fmedia&parent=58005"}],"wp:term":[{"taxonomy":"category","embeddable":true,"href":"https:\/\/www.interaccionnoticias.com.mx\/index.php?rest_route=%2Fwp%2Fv2%2Fcategories&post=58005"},{"taxonomy":"post_tag","embeddable":true,"href":"https:\/\/www.interaccionnoticias.com.mx\/index.php?rest_route=%2Fwp%2Fv2%2Ftags&post=58005"}],"curies":[{"name":"wp","href":"https:\/\/api.w.org\/{rel}","templated":true}]}}