{"id":5800,"date":"2017-06-27T18:55:18","date_gmt":"2017-06-27T23:55:18","guid":{"rendered":"http:\/\/www.inter-accion.com.mx\/?p=5800"},"modified":"2017-06-27T18:55:18","modified_gmt":"2017-06-27T23:55:18","slug":"pablo-higuera-inaugura-calle-pavimentada-en-ahuelican","status":"publish","type":"post","link":"https:\/\/www.interaccionnoticias.com.mx\/?p=5800","title":{"rendered":"Pablo Higuera inaugura calle pavimentada en Ahuelican"},"content":{"rendered":"<p>Eduardo Neri Gro.- <a href=\"https:\/\/www.facebook.com\/profile.php?id=100008965842355&amp;fref=mentions\" data-saferedirecturl=\"https:\/\/www.google.com\/url?hl=es&amp;q=https:\/\/www.facebook.com\/profile.php?id%3D100008965842355%26fref%3Dmentions&amp;source=gmail&amp;ust=1498692134182000&amp;usg=AFQjCNFV1YvMQyzCYsE4tg4QUhd0qh6jMw\">Pablo Higuera Fuentes<\/a> presidente municipal de Eduardo Neri junto a&nbsp;<a href=\"https:\/\/www.facebook.com\/estefany.higuera.37?fref=mentions\" data-saferedirecturl=\"https:\/\/www.google.com\/url?hl=es&amp;q=https:\/\/www.facebook.com\/estefany.higuera.37?fref%3Dmentions&amp;source=gmail&amp;ust=1498692134182000&amp;usg=AFQjCNEPPLBRxwLtxt2eLGWTf48andjlfQ\">Natividad L\u00f3pez<\/a>&nbsp;Gonz\u00e1lez presidenta del DIF inauguraron la calle principal de la comunidad de Ahuelican.<br \/>\nDespu\u00e9s de un par de meses de trabajo, se dieron por terminado las actividades de pavimentaci\u00f3n de una de las calles &nbsp;que representa el principal acceso a la comunidad. &nbsp;<br \/>\nPablo Higuera acompa\u00f1ado de los habitantes y junto a Rafael Sidonio comisario de la comunidad, realizaron un recorrido por la obra para dar fe y legalidad de los trabajos realizados.<br \/>\nPor su parte los locatarios agradecieron al alcalde Higuera Fuentes por preocuparse y hacer obras en beneficio del municipio.<br \/>\n&nbsp;<\/p>\n","protected":false},"excerpt":{"rendered":"<p>Eduardo Neri Gro.- Pablo Higuera Fuentes presidente municipal de Eduardo Neri junto a&nbsp;Natividad L\u00f3pez&nbsp;Gonz\u00e1lez presidenta del DIF inauguraron la calle principal de la comunidad de Ahuelican. Despu\u00e9s de un par&hellip; <\/p>\n","protected":false},"author":1,"featured_media":0,"comment_status":"closed","ping_status":"closed","sticky":false,"template":"","format":"standard","meta":{"fifu_image_url":"","fifu_image_alt":"","footnotes":""},"categories":[23],"tags":[],"class_list":["post-5800","post","type-post","status-publish","format-standard","hentry","category-regionales"],"_links":{"self":[{"href":"https:\/\/www.interaccionnoticias.com.mx\/index.php?rest_route=\/wp\/v2\/posts\/5800","targetHints":{"allow":["GET"]}}],"collection":[{"href":"https:\/\/www.interaccionnoticias.com.mx\/index.php?rest_route=\/wp\/v2\/posts"}],"about":[{"href":"https:\/\/www.interaccionnoticias.com.mx\/index.php?rest_route=\/wp\/v2\/types\/post"}],"author":[{"embeddable":true,"href":"https:\/\/www.interaccionnoticias.com.mx\/index.php?rest_route=\/wp\/v2\/users\/1"}],"replies":[{"embeddable":true,"href":"https:\/\/www.interaccionnoticias.com.mx\/index.php?rest_route=%2Fwp%2Fv2%2Fcomments&post=5800"}],"version-history":[{"count":0,"href":"https:\/\/www.interaccionnoticias.com.mx\/index.php?rest_route=\/wp\/v2\/posts\/5800\/revisions"}],"wp:attachment":[{"href":"https:\/\/www.interaccionnoticias.com.mx\/index.php?rest_route=%2Fwp%2Fv2%2Fmedia&parent=5800"}],"wp:term":[{"taxonomy":"category","embeddable":true,"href":"https:\/\/www.interaccionnoticias.com.mx\/index.php?rest_route=%2Fwp%2Fv2%2Fcategories&post=5800"},{"taxonomy":"post_tag","embeddable":true,"href":"https:\/\/www.interaccionnoticias.com.mx\/index.php?rest_route=%2Fwp%2Fv2%2Ftags&post=5800"}],"curies":[{"name":"wp","href":"https:\/\/api.w.org\/{rel}","templated":true}]}}