{"id":57999,"date":"2023-02-21T12:53:04","date_gmt":"2023-02-21T18:53:04","guid":{"rendered":"https:\/\/interaccionnoticias.com.mx\/?p=57999"},"modified":"2023-02-21T12:53:08","modified_gmt":"2023-02-21T18:53:08","slug":"confirman-246-habitantes-desplazados-de-los-bayados-municipio-de-ajuchitlan-del-progreso","status":"publish","type":"post","link":"https:\/\/www.interaccionnoticias.com.mx\/?p=57999","title":{"rendered":"Confirman 246 habitantes desplazados de \u201cLos Bayados\u201d, municipio de Ajuchitl\u00e1n del Progreso"},"content":{"rendered":"\n<p><strong><em>&#8212; Se quedaron en medio de la zona que se disputan grupos delictivos en la Sierra de Tierra Caliente<br>&#8212; Piden el apoyo del Gobierno de Guerrero<\/em><\/strong><\/p>\n\n\n\n<p><strong>Rogelio Agust\u00edn<\/strong><\/p>\n\n\n\n<p>Habitantes de la comunidad de Los Bayados, municipio de Ajuchitl\u00e1n del Progreso confirmaron que se han desplazado de su lugar de origen por miedo a los enfrentamientos que sostienen grupos del crimen organizado, por lo que dejaron sus casas, medios de producci\u00f3n y se refugiaron en Tecpan de Galeana.<\/p>\n\n\n\n<p>Por medio de una carta dirigida a la gobernadora Evelyn Salgado Pineda, representantes de \u201cLos Bayados\u201d, comunidad perteneciente al ejido San Antonio de las Tejas, se\u00f1alaron que desde hace varias administraciones gubernamentales se encuentran en condicones de abandono.<\/p>\n\n\n\n<p>En el documento refueren que no cuentan con m\u00e9dicos y solamente un profesor atiende tanto la primaria como secundaria.<\/p>\n\n\n\n<p>Pese a dicha situaci\u00f3n, refieren que viv\u00edan en paz, trabajando en el campo con el apoyo del programa Sembrando Vida, con el que iniciaron la siembra de huertos de aguacate, durazno y maguey, porque adem\u00e1s son productores de mezcal.<\/p>\n\n\n\n<p>Los Bayados, es una comunidad cuyos habitantes aseguran que nunca se involucraron en los conflictos que durante a\u00f1os han prevalecido en la regi\u00f3n.<\/p>\n\n\n\n<p>Sin embargo, a partir de los hechos ocurridos el 11 de diciembre del 2022 en la comunidad del Durazno, se registraron una serie de rumores y comentarios, en los que se dec\u00eda que la comunidad ser\u00eda la pr\u00f3xima afectada, ya que se encuentra justo en el centro de la zona de conflicto.<\/p>\n\n\n\n<p>Durante varios d\u00edas, los lugare\u00f1os estuvieron sometidos a la presi\u00f3n que representaba la advertencia de que podr\u00edan ser atacados.<\/p>\n\n\n\n<p>El pasado 18 de febrero, se\u00f1alan que se escucharon detonaciones provocadas por un enfrentamiento generado en el punto conocido como \u201cLas Golondrinas\u201d, que es una de las entradas principales hacia Los Bayados.<\/p>\n\n\n\n<p>\u201cNos dio miedo, mucho miedo y ya no pudimos m\u00e1s, por lo que elegimos abandonar la comunidad ante los rumores de que nos daban hasta las 12:00 horas del domingo 19 de febrero para abandonar el poblado\u201d.<\/p>\n\n\n\n<p>El relato contin\u00faa:\u201dSalimos con lo que pudimos agarrar, pensando solo en ponernos a salvo\u201d.<\/p>\n\n\n\n<p>En el texto se detalla que son 246 habitantes desplazados, de los cuales 70 son menores de edad; 6 adultos mayores y 2 personas con discapacidad, las que no tienens un lugar a donde ir.<\/p>\n\n\n\n<p>\u201cAlgunos nos refugiamos con familiares o conocidos, algunos en T\u00e9cpan y otros en diferentes puntos de la Costa pero no tenemos nada, por lo que solicitamos a la gobernadora del estado que nos brinde apoyo, que ya no nos deje olvidados, somos gente que solo quiere vivir en paz y ahora no tenemos nada que darles a nuestros hijos\u201d, indican.<\/p>\n\n\n\n<p>En la parte final del escrito se\u00f1alan: \u201cYa no tenemos nada, ni siquiera pudimos despedirnos de nuestros muertos, hasta ese derecho perdimos\u201d.<\/p>\n\n\n\n<p>Piden que se les apoye para regresar a su comunidad o por lo menos para sacar sus cosas.<\/p>\n\n\n\n<p>Eso implica que tambi\u00e9n solicitan apoyos para las familias afectadas, a trav\u00e9s de la entrega de despensas y becas para que sus hijos puedan estudiar.<\/p>\n\n\n\n<p>Se\u00f1alan que en esa parte de la Sierra hubo m\u00e1s comunidades desplazadas, pero no se tiene la certeza de cuantas familias son, ni al lugar al que fueron.<\/p>\n\n\n\n<div class=\"wp-block-jetpack-slideshow aligncenter\" data-effect=\"slide\"><div class=\"wp-block-jetpack-slideshow_container swiper-container\"><ul class=\"wp-block-jetpack-slideshow_swiper-wrapper swiper-wrapper\"><li class=\"wp-block-jetpack-slideshow_slide swiper-slide\"><figure><img decoding=\"async\" src=\"data:image\/gif;base64,R0lGODlhAQABAIAAAAAAAP\/\/\/ywAAAAAAQABAAACAUwAOw==\" fifu-lazy=\"1\" fifu-data-sizes=\"auto\" fifu-data-srcset=\"https:\/\/i2.wp.com\/interaccionnoticias.com.mx\/wp-content\/uploads\/2023\/02\/230221-Los-Bayados-1-1024x683.jpg?ssl=1&w=75&resize=75&ssl=1 75w, https:\/\/i2.wp.com\/interaccionnoticias.com.mx\/wp-content\/uploads\/2023\/02\/230221-Los-Bayados-1-1024x683.jpg?ssl=1&w=100&resize=100&ssl=1 100w, https:\/\/i2.wp.com\/interaccionnoticias.com.mx\/wp-content\/uploads\/2023\/02\/230221-Los-Bayados-1-1024x683.jpg?ssl=1&w=150&resize=150&ssl=1 150w, https:\/\/i2.wp.com\/interaccionnoticias.com.mx\/wp-content\/uploads\/2023\/02\/230221-Los-Bayados-1-1024x683.jpg?ssl=1&w=240&resize=240&ssl=1 240w, https:\/\/i2.wp.com\/interaccionnoticias.com.mx\/wp-content\/uploads\/2023\/02\/230221-Los-Bayados-1-1024x683.jpg?ssl=1&w=320&resize=320&ssl=1 320w, https:\/\/i2.wp.com\/interaccionnoticias.com.mx\/wp-content\/uploads\/2023\/02\/230221-Los-Bayados-1-1024x683.jpg?ssl=1&w=500&resize=500&ssl=1 500w, https:\/\/i2.wp.com\/interaccionnoticias.com.mx\/wp-content\/uploads\/2023\/02\/230221-Los-Bayados-1-1024x683.jpg?ssl=1&w=640&resize=640&ssl=1 640w, https:\/\/i2.wp.com\/interaccionnoticias.com.mx\/wp-content\/uploads\/2023\/02\/230221-Los-Bayados-1-1024x683.jpg?ssl=1&w=800&resize=800&ssl=1 800w, https:\/\/i2.wp.com\/interaccionnoticias.com.mx\/wp-content\/uploads\/2023\/02\/230221-Los-Bayados-1-1024x683.jpg?ssl=1&w=1024&resize=1024&ssl=1 1024w, https:\/\/i2.wp.com\/interaccionnoticias.com.mx\/wp-content\/uploads\/2023\/02\/230221-Los-Bayados-1-1024x683.jpg?ssl=1&w=1280&resize=1280&ssl=1 1280w, https:\/\/i2.wp.com\/interaccionnoticias.com.mx\/wp-content\/uploads\/2023\/02\/230221-Los-Bayados-1-1024x683.jpg?ssl=1&w=1600&resize=1600&ssl=1 1600w\" alt=\"\" class=\"wp-block-jetpack-slideshow_image wp-image-58000\" data-id=\"58000\" fifu-data-src=\"https:\/\/i2.wp.com\/interaccionnoticias.com.mx\/wp-content\/uploads\/2023\/02\/230221-Los-Bayados-1-1024x683.jpg?ssl=1\"\/><\/figure><\/li><li class=\"wp-block-jetpack-slideshow_slide swiper-slide\"><figure><img decoding=\"async\" src=\"data:image\/gif;base64,R0lGODlhAQABAIAAAAAAAP\/\/\/ywAAAAAAQABAAACAUwAOw==\" fifu-lazy=\"1\" fifu-data-sizes=\"auto\" fifu-data-srcset=\"https:\/\/i1.wp.com\/interaccionnoticias.com.mx\/wp-content\/uploads\/2023\/02\/230221-Los-Bayados-2-1024x683.jpg?ssl=1&w=75&resize=75&ssl=1 75w, https:\/\/i1.wp.com\/interaccionnoticias.com.mx\/wp-content\/uploads\/2023\/02\/230221-Los-Bayados-2-1024x683.jpg?ssl=1&w=100&resize=100&ssl=1 100w, https:\/\/i1.wp.com\/interaccionnoticias.com.mx\/wp-content\/uploads\/2023\/02\/230221-Los-Bayados-2-1024x683.jpg?ssl=1&w=150&resize=150&ssl=1 150w, https:\/\/i1.wp.com\/interaccionnoticias.com.mx\/wp-content\/uploads\/2023\/02\/230221-Los-Bayados-2-1024x683.jpg?ssl=1&w=240&resize=240&ssl=1 240w, https:\/\/i1.wp.com\/interaccionnoticias.com.mx\/wp-content\/uploads\/2023\/02\/230221-Los-Bayados-2-1024x683.jpg?ssl=1&w=320&resize=320&ssl=1 320w, https:\/\/i1.wp.com\/interaccionnoticias.com.mx\/wp-content\/uploads\/2023\/02\/230221-Los-Bayados-2-1024x683.jpg?ssl=1&w=500&resize=500&ssl=1 500w, https:\/\/i1.wp.com\/interaccionnoticias.com.mx\/wp-content\/uploads\/2023\/02\/230221-Los-Bayados-2-1024x683.jpg?ssl=1&w=640&resize=640&ssl=1 640w, https:\/\/i1.wp.com\/interaccionnoticias.com.mx\/wp-content\/uploads\/2023\/02\/230221-Los-Bayados-2-1024x683.jpg?ssl=1&w=800&resize=800&ssl=1 800w, https:\/\/i1.wp.com\/interaccionnoticias.com.mx\/wp-content\/uploads\/2023\/02\/230221-Los-Bayados-2-1024x683.jpg?ssl=1&w=1024&resize=1024&ssl=1 1024w, https:\/\/i1.wp.com\/interaccionnoticias.com.mx\/wp-content\/uploads\/2023\/02\/230221-Los-Bayados-2-1024x683.jpg?ssl=1&w=1280&resize=1280&ssl=1 1280w, https:\/\/i1.wp.com\/interaccionnoticias.com.mx\/wp-content\/uploads\/2023\/02\/230221-Los-Bayados-2-1024x683.jpg?ssl=1&w=1600&resize=1600&ssl=1 1600w\" alt=\"\" class=\"wp-block-jetpack-slideshow_image wp-image-58001\" data-id=\"58001\" fifu-data-src=\"https:\/\/i1.wp.com\/interaccionnoticias.com.mx\/wp-content\/uploads\/2023\/02\/230221-Los-Bayados-2-1024x683.jpg?ssl=1\"\/><\/figure><\/li><li class=\"wp-block-jetpack-slideshow_slide swiper-slide\"><figure><img decoding=\"async\" src=\"data:image\/gif;base64,R0lGODlhAQABAIAAAAAAAP\/\/\/ywAAAAAAQABAAACAUwAOw==\" fifu-lazy=\"1\" fifu-data-sizes=\"auto\" fifu-data-srcset=\"https:\/\/i3.wp.com\/interaccionnoticias.com.mx\/wp-content\/uploads\/2023\/02\/230221-Los-Bayados-3-1024x683.jpg?ssl=1&w=75&resize=75&ssl=1 75w, https:\/\/i3.wp.com\/interaccionnoticias.com.mx\/wp-content\/uploads\/2023\/02\/230221-Los-Bayados-3-1024x683.jpg?ssl=1&w=100&resize=100&ssl=1 100w, https:\/\/i3.wp.com\/interaccionnoticias.com.mx\/wp-content\/uploads\/2023\/02\/230221-Los-Bayados-3-1024x683.jpg?ssl=1&w=150&resize=150&ssl=1 150w, https:\/\/i3.wp.com\/interaccionnoticias.com.mx\/wp-content\/uploads\/2023\/02\/230221-Los-Bayados-3-1024x683.jpg?ssl=1&w=240&resize=240&ssl=1 240w, https:\/\/i3.wp.com\/interaccionnoticias.com.mx\/wp-content\/uploads\/2023\/02\/230221-Los-Bayados-3-1024x683.jpg?ssl=1&w=320&resize=320&ssl=1 320w, https:\/\/i3.wp.com\/interaccionnoticias.com.mx\/wp-content\/uploads\/2023\/02\/230221-Los-Bayados-3-1024x683.jpg?ssl=1&w=500&resize=500&ssl=1 500w, https:\/\/i3.wp.com\/interaccionnoticias.com.mx\/wp-content\/uploads\/2023\/02\/230221-Los-Bayados-3-1024x683.jpg?ssl=1&w=640&resize=640&ssl=1 640w, https:\/\/i3.wp.com\/interaccionnoticias.com.mx\/wp-content\/uploads\/2023\/02\/230221-Los-Bayados-3-1024x683.jpg?ssl=1&w=800&resize=800&ssl=1 800w, https:\/\/i3.wp.com\/interaccionnoticias.com.mx\/wp-content\/uploads\/2023\/02\/230221-Los-Bayados-3-1024x683.jpg?ssl=1&w=1024&resize=1024&ssl=1 1024w, https:\/\/i3.wp.com\/interaccionnoticias.com.mx\/wp-content\/uploads\/2023\/02\/230221-Los-Bayados-3-1024x683.jpg?ssl=1&w=1280&resize=1280&ssl=1 1280w, https:\/\/i3.wp.com\/interaccionnoticias.com.mx\/wp-content\/uploads\/2023\/02\/230221-Los-Bayados-3-1024x683.jpg?ssl=1&w=1600&resize=1600&ssl=1 1600w\" alt=\"\" class=\"wp-block-jetpack-slideshow_image wp-image-58002\" data-id=\"58002\" fifu-data-src=\"https:\/\/i3.wp.com\/interaccionnoticias.com.mx\/wp-content\/uploads\/2023\/02\/230221-Los-Bayados-3-1024x683.jpg?ssl=1\"\/><\/figure><\/li><li class=\"wp-block-jetpack-slideshow_slide swiper-slide\"><figure><img decoding=\"async\" src=\"data:image\/gif;base64,R0lGODlhAQABAIAAAAAAAP\/\/\/ywAAAAAAQABAAACAUwAOw==\" fifu-lazy=\"1\" fifu-data-sizes=\"auto\" fifu-data-srcset=\"https:\/\/i3.wp.com\/interaccionnoticias.com.mx\/wp-content\/uploads\/2023\/02\/230221-Los-Bayados-4-1024x683.jpg?ssl=1&w=75&resize=75&ssl=1 75w, https:\/\/i3.wp.com\/interaccionnoticias.com.mx\/wp-content\/uploads\/2023\/02\/230221-Los-Bayados-4-1024x683.jpg?ssl=1&w=100&resize=100&ssl=1 100w, https:\/\/i3.wp.com\/interaccionnoticias.com.mx\/wp-content\/uploads\/2023\/02\/230221-Los-Bayados-4-1024x683.jpg?ssl=1&w=150&resize=150&ssl=1 150w, https:\/\/i3.wp.com\/interaccionnoticias.com.mx\/wp-content\/uploads\/2023\/02\/230221-Los-Bayados-4-1024x683.jpg?ssl=1&w=240&resize=240&ssl=1 240w, https:\/\/i3.wp.com\/interaccionnoticias.com.mx\/wp-content\/uploads\/2023\/02\/230221-Los-Bayados-4-1024x683.jpg?ssl=1&w=320&resize=320&ssl=1 320w, https:\/\/i3.wp.com\/interaccionnoticias.com.mx\/wp-content\/uploads\/2023\/02\/230221-Los-Bayados-4-1024x683.jpg?ssl=1&w=500&resize=500&ssl=1 500w, https:\/\/i3.wp.com\/interaccionnoticias.com.mx\/wp-content\/uploads\/2023\/02\/230221-Los-Bayados-4-1024x683.jpg?ssl=1&w=640&resize=640&ssl=1 640w, https:\/\/i3.wp.com\/interaccionnoticias.com.mx\/wp-content\/uploads\/2023\/02\/230221-Los-Bayados-4-1024x683.jpg?ssl=1&w=800&resize=800&ssl=1 800w, https:\/\/i3.wp.com\/interaccionnoticias.com.mx\/wp-content\/uploads\/2023\/02\/230221-Los-Bayados-4-1024x683.jpg?ssl=1&w=1024&resize=1024&ssl=1 1024w, https:\/\/i3.wp.com\/interaccionnoticias.com.mx\/wp-content\/uploads\/2023\/02\/230221-Los-Bayados-4-1024x683.jpg?ssl=1&w=1280&resize=1280&ssl=1 1280w, https:\/\/i3.wp.com\/interaccionnoticias.com.mx\/wp-content\/uploads\/2023\/02\/230221-Los-Bayados-4-1024x683.jpg?ssl=1&w=1600&resize=1600&ssl=1 1600w\" alt=\"\" class=\"wp-block-jetpack-slideshow_image wp-image-58003\" data-id=\"58003\" fifu-data-src=\"https:\/\/i3.wp.com\/interaccionnoticias.com.mx\/wp-content\/uploads\/2023\/02\/230221-Los-Bayados-4-1024x683.jpg?ssl=1\"\/><\/figure><\/li><\/ul><a class=\"wp-block-jetpack-slideshow_button-prev swiper-button-prev swiper-button-white\" role=\"button\"><\/a><a class=\"wp-block-jetpack-slideshow_button-next swiper-button-next swiper-button-white\" role=\"button\"><\/a><a aria-label=\"Pause Slideshow\" class=\"wp-block-jetpack-slideshow_button-pause\" role=\"button\"><\/a><div class=\"wp-block-jetpack-slideshow_pagination swiper-pagination swiper-pagination-white\"><\/div><\/div><\/div>\n","protected":false},"excerpt":{"rendered":"<p>&#8212; Se quedaron en medio de la zona que se disputan grupos delictivos en la Sierra de Tierra Caliente&#8212; Piden el apoyo del Gobierno de Guerrero Rogelio Agust\u00edn Habitantes de&hellip; <\/p>\n","protected":false},"author":21,"featured_media":58000,"comment_status":"open","ping_status":"open","sticky":false,"template":"","format":"standard","meta":{"fifu_image_url":"","fifu_image_alt":"","footnotes":""},"categories":[27],"tags":[],"class_list":["post-57999","post","type-post","status-publish","format-standard","has-post-thumbnail","hentry","category-seguridad-publica"],"_links":{"self":[{"href":"https:\/\/www.interaccionnoticias.com.mx\/index.php?rest_route=\/wp\/v2\/posts\/57999","targetHints":{"allow":["GET"]}}],"collection":[{"href":"https:\/\/www.interaccionnoticias.com.mx\/index.php?rest_route=\/wp\/v2\/posts"}],"about":[{"href":"https:\/\/www.interaccionnoticias.com.mx\/index.php?rest_route=\/wp\/v2\/types\/post"}],"author":[{"embeddable":true,"href":"https:\/\/www.interaccionnoticias.com.mx\/index.php?rest_route=\/wp\/v2\/users\/21"}],"replies":[{"embeddable":true,"href":"https:\/\/www.interaccionnoticias.com.mx\/index.php?rest_route=%2Fwp%2Fv2%2Fcomments&post=57999"}],"version-history":[{"count":1,"href":"https:\/\/www.interaccionnoticias.com.mx\/index.php?rest_route=\/wp\/v2\/posts\/57999\/revisions"}],"predecessor-version":[{"id":58004,"href":"https:\/\/www.interaccionnoticias.com.mx\/index.php?rest_route=\/wp\/v2\/posts\/57999\/revisions\/58004"}],"wp:featuredmedia":[{"embeddable":true,"href":"https:\/\/www.interaccionnoticias.com.mx\/index.php?rest_route=\/wp\/v2\/media\/58000"}],"wp:attachment":[{"href":"https:\/\/www.interaccionnoticias.com.mx\/index.php?rest_route=%2Fwp%2Fv2%2Fmedia&parent=57999"}],"wp:term":[{"taxonomy":"category","embeddable":true,"href":"https:\/\/www.interaccionnoticias.com.mx\/index.php?rest_route=%2Fwp%2Fv2%2Fcategories&post=57999"},{"taxonomy":"post_tag","embeddable":true,"href":"https:\/\/www.interaccionnoticias.com.mx\/index.php?rest_route=%2Fwp%2Fv2%2Ftags&post=57999"}],"curies":[{"name":"wp","href":"https:\/\/api.w.org\/{rel}","templated":true}]}}