{"id":57987,"date":"2023-02-21T12:37:46","date_gmt":"2023-02-21T18:37:46","guid":{"rendered":"https:\/\/interaccionnoticias.com.mx\/?p=57987"},"modified":"2023-02-21T12:37:51","modified_gmt":"2023-02-21T18:37:51","slug":"gobierno-federal-imputa-al-deibi-barrientos-el-asesinato-del-periodista-fredid-roman-roman","status":"publish","type":"post","link":"https:\/\/www.interaccionnoticias.com.mx\/?p=57987","title":{"rendered":"Gobierno Federal imputa al \u00abDeibi Barrientos\u00bb el asesinato del periodista Fredid Rom\u00e1n Rom\u00e1n"},"content":{"rendered":"\n<p><strong><em>&#8212; Tambi\u00e9n lo apodan \u00abEl Zeta\u00bb y lo vinculan con \u00abLos Ardillos\u00bb<\/em><\/strong><\/p>\n\n\n\n<p><strong>Jes\u00fas Dorantes<\/strong><\/p>\n\n\n\n<p><strong>Chilpancingo, Gro.- <\/strong>El Gobierno Federal inform\u00f3 que al l\u00edder de la Uni\u00f3n de Pueblos Organizados del Estado de Guerrero (UPOEG) en Ocotito, Jos\u00e9 Deibi Barrientos tambi\u00e9n se le conoce bajo el alias de \u201cEl Zeta\u201d y se le acusa por el asesinato del periodista Fredid Rom\u00e1n Rom\u00e1n.<\/p>\n\n\n\n<p>Durante la rueda de prensa matutina del presiente Andr\u00e9s Manuel L\u00f3pez Obrador, el titular de la Secretar\u00eda de Marina, Jos\u00e9 Rafael Ojeda Dur\u00e1n inform\u00f3 sobre la captura del l\u00edder de la UPOEG en el Ocotito, ocurrido el pasado 14 de febrero.<\/p>\n\n\n\n<p>A Barrientos Salazar se le menciona tambi\u00e9n como miembro del grupo criminal de \u201cLos Ardillos\u201d.<\/p>\n\n\n\n<p>En la ficha que se present\u00f3 dentro del informe sobre detenciones y operativos a nivel nacional, Deibi Barrientos es se\u00f1alado tambi\u00e9n por el homicidio cometido en agravio del columnista Fredid Rom\u00e1n Rom\u00e1n, ocurrido en agosto de 2022.<\/p>\n\n\n\n<p>\u201cPersonal Naval en coordinaci\u00f3n con el Centro Nacional de Inteligencia y la Polic\u00eda Estatal, detuvo a Jos\u00e9 David \u00abN\u00bb (a) \u00abEl Zeta\u00bb y\/o \u00abEl Deibi\u00bb dirigente de un Grupo Comunitario identificado como brazo armado del grupo delictivo \u00abLos Ardillos\u00bb, por el presunto delito de homicidio en contra del periodista Fredid Rom\u00e1n Rom\u00e1n.\u201d<\/p>\n\n\n\n<p>La tarde de este lunes 22 de agosto del 2022 sujetos armados asesinaron a tiros al director del peri\u00f3dico \u00abLa Realidad de Guerrero\u00bb Fredid Rom\u00e1n en la cabecera municipal de Chilpancingo.<\/p>\n\n\n\n<p>El asesinato ocurri\u00f3 en la calle Prolongaci\u00f3n Valerio Trujano, en la capital del estado de Guerrero, d\u00f3nde fue localizado su cuerpo sin vida al interior de su veh\u00edculo particular, un Mazda de color rojo.<\/p>\n\n\n\n<p>Dos d\u00edas despu\u00e9s, el comandante de la Uni\u00f3n de Pueblos Organizados del Estado de Guerrero (UPOEG) Deivid Barrientos se deslind\u00f3 de la muerte de Fredid Rom\u00e1n, asegurando que se intentaba desestabilizar a la polic\u00edas comunitaria de la comunidad del Ocotito.<\/p>\n","protected":false},"excerpt":{"rendered":"<p>&#8212; Tambi\u00e9n lo apodan \u00abEl Zeta\u00bb y lo vinculan con \u00abLos Ardillos\u00bb Jes\u00fas Dorantes Chilpancingo, Gro.- El Gobierno Federal inform\u00f3 que al l\u00edder de la Uni\u00f3n de Pueblos Organizados del&hellip; <\/p>\n","protected":false},"author":8,"featured_media":57988,"comment_status":"open","ping_status":"open","sticky":false,"template":"","format":"standard","meta":{"fifu_image_url":"","fifu_image_alt":"","footnotes":""},"categories":[27],"tags":[],"class_list":["post-57987","post","type-post","status-publish","format-standard","has-post-thumbnail","hentry","category-seguridad-publica"],"_links":{"self":[{"href":"https:\/\/www.interaccionnoticias.com.mx\/index.php?rest_route=\/wp\/v2\/posts\/57987","targetHints":{"allow":["GET"]}}],"collection":[{"href":"https:\/\/www.interaccionnoticias.com.mx\/index.php?rest_route=\/wp\/v2\/posts"}],"about":[{"href":"https:\/\/www.interaccionnoticias.com.mx\/index.php?rest_route=\/wp\/v2\/types\/post"}],"author":[{"embeddable":true,"href":"https:\/\/www.interaccionnoticias.com.mx\/index.php?rest_route=\/wp\/v2\/users\/8"}],"replies":[{"embeddable":true,"href":"https:\/\/www.interaccionnoticias.com.mx\/index.php?rest_route=%2Fwp%2Fv2%2Fcomments&post=57987"}],"version-history":[{"count":1,"href":"https:\/\/www.interaccionnoticias.com.mx\/index.php?rest_route=\/wp\/v2\/posts\/57987\/revisions"}],"predecessor-version":[{"id":57989,"href":"https:\/\/www.interaccionnoticias.com.mx\/index.php?rest_route=\/wp\/v2\/posts\/57987\/revisions\/57989"}],"wp:featuredmedia":[{"embeddable":true,"href":"https:\/\/www.interaccionnoticias.com.mx\/index.php?rest_route=\/wp\/v2\/media\/57988"}],"wp:attachment":[{"href":"https:\/\/www.interaccionnoticias.com.mx\/index.php?rest_route=%2Fwp%2Fv2%2Fmedia&parent=57987"}],"wp:term":[{"taxonomy":"category","embeddable":true,"href":"https:\/\/www.interaccionnoticias.com.mx\/index.php?rest_route=%2Fwp%2Fv2%2Fcategories&post=57987"},{"taxonomy":"post_tag","embeddable":true,"href":"https:\/\/www.interaccionnoticias.com.mx\/index.php?rest_route=%2Fwp%2Fv2%2Ftags&post=57987"}],"curies":[{"name":"wp","href":"https:\/\/api.w.org\/{rel}","templated":true}]}}