{"id":57956,"date":"2023-02-20T19:11:12","date_gmt":"2023-02-21T01:11:12","guid":{"rendered":"https:\/\/interaccionnoticias.com.mx\/?p=57956"},"modified":"2023-02-20T19:11:17","modified_gmt":"2023-02-21T01:11:17","slug":"ex-dirigente-nacional-de-morena-defiende-el-incremento-en-las-tarifas-de-la-autopista-del-sol","status":"publish","type":"post","link":"https:\/\/www.interaccionnoticias.com.mx\/?p=57956","title":{"rendered":"Ex dirigente nacional de MORENA defiende el incremento en las tarifas de la Autopista del Sol"},"content":{"rendered":"\n<p><strong><em>&#8212; Alfonso Ram\u00edrez Cuellar sostiene que no est\u00e1n por encima de lo que establece la inflaci\u00f3n<\/em><\/strong><\/p>\n\n\n\n<p><strong>Eduardo Yener Santos \/ CHILPANCINGO, Gro., 20 de febrero 2023<\/strong><\/p>\n\n\n\n<p>Alfonso Ram\u00edrez Cu\u00e9llar, coordinador nacional de la promoci\u00f3n de la candidatura de la jefa de gobierno de la Ciudad de M\u00e9xico Claudia Sheinbaum Pardo, durante su gira de promoci\u00f3n en Guerrero defendi\u00f3 el incremento del peaje a la autopista del Sol M\u00e9xico- Acapulco que hace unas semanas realiz\u00f3 la Secretar\u00eda de Infraestructura, Comunicaciones y Transportes (SICT)<\/p>\n\n\n\n<p>El ex diputado federal sostuvo que el increment\u00f3 del peaje forma parte de la inflaci\u00f3n econ\u00f3mica que se registra a nivel mundial y, que las nuevas tarifas de peaje a las autopistas ten\u00edan que suceder este a\u00f1os porque en el 2022, el gobierno federal apoyo con 500 mil millones de para que en ese a\u00f1o no incrementaran los precios de la gasolina, gas LP, electricidad y di\u00e9sel<\/p>\n\n\n\n<p>Al recordarle que en Guerrero el incremento del peaje a la autopista del Sol M\u00e9xico- Acapulco ha generado inconformidad por parte de la alcaldesa de Acapulco, Abelina L\u00f3pez y dem\u00e1s pol\u00edticos como el PRI, PAN y PRD, Ram\u00edrez Cu\u00e9llar sostuvo que esa medida es una actividad del gobierno federal para abatir la inflaci\u00f3n.<\/p>\n\n\n\n<p>En conferencia de prensa, ex diputado federal de Zacatecas, Alfonso Ram\u00edrez Cu\u00e9llar acompa\u00f1ado de El\u00edseo Moyao Morales y Germ\u00e1n Cer\u00f3n Silverio, enlaces de promoci\u00f3n de Claudia Sheinbaum Pardo, asegur\u00f3 que en Guerrero los ciudadanos demandan mayor seguridad, programas y apoyos para el cuidado del medio ambiente y que se cumplan con el acceso a la salud.<\/p>\n\n\n\n<p>Sin embargo, el ex dirigente nacional de Morena se limit\u00f3 en opinar sobre el contexto pol\u00edtico actual que vive Guerrero y destac\u00f3 que se\u00f1al\u00f3 que a pesar de los distintos problemas que Guerrero puede tener, en esta entidad la jefa de Gobierno de CDMX tiene entre 6 y 9 puntos de ventaja sobre los otros aspirantes morenistas.<\/p>\n\n\n\n<p>Insisti\u00f3 que su presencia en Guerrero es para reunirse con todos los sectores sociales e informarles sobre el trabajo pol\u00edtico y aspiraciones presidenciales de Claudia Sheinbaum para que en la pr\u00f3xima encuesta del mes de septiembre, la jefa de gobierno de CDMX salga mejor posicionada<\/p>\n","protected":false},"excerpt":{"rendered":"<p>&#8212; Alfonso Ram\u00edrez Cuellar sostiene que no est\u00e1n por encima de lo que establece la inflaci\u00f3n Eduardo Yener Santos \/ CHILPANCINGO, Gro., 20 de febrero 2023 Alfonso Ram\u00edrez Cu\u00e9llar, coordinador&hellip; <\/p>\n","protected":false},"author":31,"featured_media":57957,"comment_status":"open","ping_status":"open","sticky":false,"template":"","format":"standard","meta":{"fifu_image_url":"","fifu_image_alt":"","footnotes":""},"categories":[21],"tags":[],"class_list":["post-57956","post","type-post","status-publish","format-standard","has-post-thumbnail","hentry","category-politica"],"_links":{"self":[{"href":"https:\/\/www.interaccionnoticias.com.mx\/index.php?rest_route=\/wp\/v2\/posts\/57956","targetHints":{"allow":["GET"]}}],"collection":[{"href":"https:\/\/www.interaccionnoticias.com.mx\/index.php?rest_route=\/wp\/v2\/posts"}],"about":[{"href":"https:\/\/www.interaccionnoticias.com.mx\/index.php?rest_route=\/wp\/v2\/types\/post"}],"author":[{"embeddable":true,"href":"https:\/\/www.interaccionnoticias.com.mx\/index.php?rest_route=\/wp\/v2\/users\/31"}],"replies":[{"embeddable":true,"href":"https:\/\/www.interaccionnoticias.com.mx\/index.php?rest_route=%2Fwp%2Fv2%2Fcomments&post=57956"}],"version-history":[{"count":1,"href":"https:\/\/www.interaccionnoticias.com.mx\/index.php?rest_route=\/wp\/v2\/posts\/57956\/revisions"}],"predecessor-version":[{"id":57958,"href":"https:\/\/www.interaccionnoticias.com.mx\/index.php?rest_route=\/wp\/v2\/posts\/57956\/revisions\/57958"}],"wp:featuredmedia":[{"embeddable":true,"href":"https:\/\/www.interaccionnoticias.com.mx\/index.php?rest_route=\/wp\/v2\/media\/57957"}],"wp:attachment":[{"href":"https:\/\/www.interaccionnoticias.com.mx\/index.php?rest_route=%2Fwp%2Fv2%2Fmedia&parent=57956"}],"wp:term":[{"taxonomy":"category","embeddable":true,"href":"https:\/\/www.interaccionnoticias.com.mx\/index.php?rest_route=%2Fwp%2Fv2%2Fcategories&post=57956"},{"taxonomy":"post_tag","embeddable":true,"href":"https:\/\/www.interaccionnoticias.com.mx\/index.php?rest_route=%2Fwp%2Fv2%2Ftags&post=57956"}],"curies":[{"name":"wp","href":"https:\/\/api.w.org\/{rel}","templated":true}]}}