{"id":57938,"date":"2023-02-20T17:28:24","date_gmt":"2023-02-20T23:28:24","guid":{"rendered":"https:\/\/interaccionnoticias.com.mx\/?p=57938"},"modified":"2023-02-20T17:28:29","modified_gmt":"2023-02-20T23:28:29","slug":"feministas-exigen-que-no-haya-impunidad-en-las-agresiones-a-mujeres-y-ninas","status":"publish","type":"post","link":"https:\/\/www.interaccionnoticias.com.mx\/?p=57938","title":{"rendered":"Feministas exigen que no haya impunidad en las agresiones a mujeres y ni\u00f1as"},"content":{"rendered":"\n<p><strong><em>&#8212; Explicaron que el caso de Alejandra Mateos se mantiene impune y que la v\u00edctima sigue en riesgo<br>&#8212; Convocaron para el 8 de marzo pr\u00f3ximo a participar en la marcha por el D\u00eda Internacional de la Mujer<\/em><\/strong><\/p>\n\n\n\n<p><strong>Rosario Garc\u00eda Orozco<\/strong><\/p>\n\n\n\n<p><strong>Chilpancingo, Gro., 20 de marzo del 2023.-<\/strong> Activistas feministas de diferentes organizaciones exigieron a las autoridades en materia de seguridad en el estado que aceleren las actuaciones en torno a la denuncia que interpuso Alejandra Mateos, v\u00edctima de agresiones por parte de su ex pareja sentimental, el ex funcionario de gobierno estatal, V\u00edctor Enriquez, quien huy\u00f3 de Guerrero, sin que pagara por el delito que cometi\u00f3.<\/p>\n\n\n\n<p>El agresor se fue a Estados Unidos, y all\u00e1 agredi\u00f3 a otras dos mujeres, a quienes al igual que a Alejandra Mateos casi las priva de la vida, pero en ese pa\u00eds s\u00ed fue encarcelado; el temor de la v\u00edctima guerrerense es que V\u00edctor Enr\u00edquez est\u00e1 pidiendo al gobierno norteamericano que lo deporten y continuar su proceso en M\u00e9xico, \u00abdonde se goza de impunidad y quedar\u00eda libre, con el riesgo de que vuelva a agredir a Alejandra Mateos\u00bb, dijeron en conferencia de prensa las activistas Renata Gonz\u00e1lez Moreno, Angy Palafox, Selene Arrieta, Gabriela C\u00f3rdova.<\/p>\n\n\n\n<p>Exigieron un alto a la impunidad del Estado en ese tipo de casos, porque queda como evidencia que una persona agresora va a reincidir en ese comportamiento violento y a nada ha estado de quitarle la vida ya a tres mujeres. \u00abque el Estado deje de ser impune y atienda ese tipo de agresiones que sufrimos las mujeres, como el feminicidio de una mujer en un hotel del centro de Chilpancingo recientemente, por lo que pedimos a las autoridades que tomen cartas en esos hechos\u00bb.<\/p>\n\n\n\n<p>Lamentaron que los casos de violencia vicaria y violencia digital van a la alza en Guerrero, a pesar de las dos alertas que tiene la entidad por violencia en raz\u00f3n de g\u00e9nero en 9 municipios con mayor incidencia y mayor densidad poblacional.<\/p>\n\n\n\n<p>Dijeron que s\u00f3lo en Chilpancingo hay tres feminicidios investigados como tal, desde que inici\u00f3 el a\u00f1o a la fecha, pero que s\u00ed son elevadas las cifras de homicidios dolosos contra mujeres.<\/p>\n\n\n\n<p>Por otro lado, las integrantes de diferentes organizaciones de activistas feministas dijeron que hay varias denuncias de mujeres a las que les han negado el servicio para interrumpir su embarazo, a pesar de que la ley ya lo permite, sobre todo en los hospitales generales de Chilpancingo y los dos de Acapulco.<\/p>\n\n\n\n<p>Las activistas feministas tambi\u00e9n convocaron a participar en la marcha que se llevar\u00e1 a cabo el pr\u00f3ximo 8 de marzo en Chilpancingo, en el marco del D\u00eda Internacional de la Mujer, que se conmemora el 9 de marzo.<\/p>\n\n\n\n<p>En esa movilizaci\u00f3n las organizaciones participantes abordar\u00e1n los temas de la violencia obst\u00e9trica, la violencia institucional y los matrimonios forzados, as\u00ed como la violencia vicaria, la feminicida, la violencia digital, la desaparici\u00f3n forzada de mujeres, el hostigamiento sexual en espacios laborales y educativos, la falta de servicios de salud seguros y gratuitos y visibilizar\u00e1n el derecho a la posesi\u00f3n de tierra y proyectos productivos exclusivos rurales, ind\u00edgenas y afromexicanos.<\/p>\n\n\n\n<p>Entre las demandas, tambi\u00e9n se encuentra la liberaci\u00f3n de las mujeres presas por abortar y el acceso al aborto de manera segura en cl\u00ednicas y hospitales p\u00fablicos del estado.<\/p>\n\n\n\n<div class=\"wp-block-jetpack-slideshow aligncenter\" data-effect=\"slide\"><div class=\"wp-block-jetpack-slideshow_container swiper-container\"><ul class=\"wp-block-jetpack-slideshow_swiper-wrapper swiper-wrapper\"><li class=\"wp-block-jetpack-slideshow_slide swiper-slide\"><figure><img decoding=\"async\" src=\"data:image\/gif;base64,R0lGODlhAQABAIAAAAAAAP\/\/\/ywAAAAAAQABAAACAUwAOw==\" fifu-lazy=\"1\" fifu-data-sizes=\"auto\" fifu-data-srcset=\"https:\/\/i2.wp.com\/interaccionnoticias.com.mx\/wp-content\/uploads\/2023\/02\/230220-Feministas-1-1024x683.jpg?ssl=1&w=75&resize=75&ssl=1 75w, https:\/\/i2.wp.com\/interaccionnoticias.com.mx\/wp-content\/uploads\/2023\/02\/230220-Feministas-1-1024x683.jpg?ssl=1&w=100&resize=100&ssl=1 100w, https:\/\/i2.wp.com\/interaccionnoticias.com.mx\/wp-content\/uploads\/2023\/02\/230220-Feministas-1-1024x683.jpg?ssl=1&w=150&resize=150&ssl=1 150w, https:\/\/i2.wp.com\/interaccionnoticias.com.mx\/wp-content\/uploads\/2023\/02\/230220-Feministas-1-1024x683.jpg?ssl=1&w=240&resize=240&ssl=1 240w, https:\/\/i2.wp.com\/interaccionnoticias.com.mx\/wp-content\/uploads\/2023\/02\/230220-Feministas-1-1024x683.jpg?ssl=1&w=320&resize=320&ssl=1 320w, https:\/\/i2.wp.com\/interaccionnoticias.com.mx\/wp-content\/uploads\/2023\/02\/230220-Feministas-1-1024x683.jpg?ssl=1&w=500&resize=500&ssl=1 500w, https:\/\/i2.wp.com\/interaccionnoticias.com.mx\/wp-content\/uploads\/2023\/02\/230220-Feministas-1-1024x683.jpg?ssl=1&w=640&resize=640&ssl=1 640w, https:\/\/i2.wp.com\/interaccionnoticias.com.mx\/wp-content\/uploads\/2023\/02\/230220-Feministas-1-1024x683.jpg?ssl=1&w=800&resize=800&ssl=1 800w, https:\/\/i2.wp.com\/interaccionnoticias.com.mx\/wp-content\/uploads\/2023\/02\/230220-Feministas-1-1024x683.jpg?ssl=1&w=1024&resize=1024&ssl=1 1024w, https:\/\/i2.wp.com\/interaccionnoticias.com.mx\/wp-content\/uploads\/2023\/02\/230220-Feministas-1-1024x683.jpg?ssl=1&w=1280&resize=1280&ssl=1 1280w, https:\/\/i2.wp.com\/interaccionnoticias.com.mx\/wp-content\/uploads\/2023\/02\/230220-Feministas-1-1024x683.jpg?ssl=1&w=1600&resize=1600&ssl=1 1600w\" alt=\"\" class=\"wp-block-jetpack-slideshow_image wp-image-57939\" data-id=\"57939\" fifu-data-src=\"https:\/\/i2.wp.com\/interaccionnoticias.com.mx\/wp-content\/uploads\/2023\/02\/230220-Feministas-1-1024x683.jpg?ssl=1\"\/><\/figure><\/li><li class=\"wp-block-jetpack-slideshow_slide swiper-slide\"><figure><img decoding=\"async\" src=\"data:image\/gif;base64,R0lGODlhAQABAIAAAAAAAP\/\/\/ywAAAAAAQABAAACAUwAOw==\" fifu-lazy=\"1\" fifu-data-sizes=\"auto\" fifu-data-srcset=\"https:\/\/i1.wp.com\/interaccionnoticias.com.mx\/wp-content\/uploads\/2023\/02\/230220-Feministas-2-1024x683.jpg?ssl=1&w=75&resize=75&ssl=1 75w, https:\/\/i1.wp.com\/interaccionnoticias.com.mx\/wp-content\/uploads\/2023\/02\/230220-Feministas-2-1024x683.jpg?ssl=1&w=100&resize=100&ssl=1 100w, https:\/\/i1.wp.com\/interaccionnoticias.com.mx\/wp-content\/uploads\/2023\/02\/230220-Feministas-2-1024x683.jpg?ssl=1&w=150&resize=150&ssl=1 150w, https:\/\/i1.wp.com\/interaccionnoticias.com.mx\/wp-content\/uploads\/2023\/02\/230220-Feministas-2-1024x683.jpg?ssl=1&w=240&resize=240&ssl=1 240w, https:\/\/i1.wp.com\/interaccionnoticias.com.mx\/wp-content\/uploads\/2023\/02\/230220-Feministas-2-1024x683.jpg?ssl=1&w=320&resize=320&ssl=1 320w, https:\/\/i1.wp.com\/interaccionnoticias.com.mx\/wp-content\/uploads\/2023\/02\/230220-Feministas-2-1024x683.jpg?ssl=1&w=500&resize=500&ssl=1 500w, https:\/\/i1.wp.com\/interaccionnoticias.com.mx\/wp-content\/uploads\/2023\/02\/230220-Feministas-2-1024x683.jpg?ssl=1&w=640&resize=640&ssl=1 640w, https:\/\/i1.wp.com\/interaccionnoticias.com.mx\/wp-content\/uploads\/2023\/02\/230220-Feministas-2-1024x683.jpg?ssl=1&w=800&resize=800&ssl=1 800w, https:\/\/i1.wp.com\/interaccionnoticias.com.mx\/wp-content\/uploads\/2023\/02\/230220-Feministas-2-1024x683.jpg?ssl=1&w=1024&resize=1024&ssl=1 1024w, https:\/\/i1.wp.com\/interaccionnoticias.com.mx\/wp-content\/uploads\/2023\/02\/230220-Feministas-2-1024x683.jpg?ssl=1&w=1280&resize=1280&ssl=1 1280w, https:\/\/i1.wp.com\/interaccionnoticias.com.mx\/wp-content\/uploads\/2023\/02\/230220-Feministas-2-1024x683.jpg?ssl=1&w=1600&resize=1600&ssl=1 1600w\" alt=\"\" class=\"wp-block-jetpack-slideshow_image wp-image-57940\" data-id=\"57940\" fifu-data-src=\"https:\/\/i1.wp.com\/interaccionnoticias.com.mx\/wp-content\/uploads\/2023\/02\/230220-Feministas-2-1024x683.jpg?ssl=1\"\/><\/figure><\/li><\/ul><a class=\"wp-block-jetpack-slideshow_button-prev swiper-button-prev swiper-button-white\" role=\"button\"><\/a><a class=\"wp-block-jetpack-slideshow_button-next swiper-button-next swiper-button-white\" role=\"button\"><\/a><a aria-label=\"Pause Slideshow\" class=\"wp-block-jetpack-slideshow_button-pause\" role=\"button\"><\/a><div class=\"wp-block-jetpack-slideshow_pagination swiper-pagination swiper-pagination-white\"><\/div><\/div><\/div>\n","protected":false},"excerpt":{"rendered":"<p>&#8212; Explicaron que el caso de Alejandra Mateos se mantiene impune y que la v\u00edctima sigue en riesgo&#8212; Convocaron para el 8 de marzo pr\u00f3ximo a participar en la marcha&hellip; <\/p>\n","protected":false},"author":14,"featured_media":57939,"comment_status":"open","ping_status":"open","sticky":false,"template":"","format":"standard","meta":{"fifu_image_url":"","fifu_image_alt":"","footnotes":""},"categories":[15],"tags":[],"class_list":["post-57938","post","type-post","status-publish","format-standard","has-post-thumbnail","hentry","category-movimientos-sociales"],"_links":{"self":[{"href":"https:\/\/www.interaccionnoticias.com.mx\/index.php?rest_route=\/wp\/v2\/posts\/57938","targetHints":{"allow":["GET"]}}],"collection":[{"href":"https:\/\/www.interaccionnoticias.com.mx\/index.php?rest_route=\/wp\/v2\/posts"}],"about":[{"href":"https:\/\/www.interaccionnoticias.com.mx\/index.php?rest_route=\/wp\/v2\/types\/post"}],"author":[{"embeddable":true,"href":"https:\/\/www.interaccionnoticias.com.mx\/index.php?rest_route=\/wp\/v2\/users\/14"}],"replies":[{"embeddable":true,"href":"https:\/\/www.interaccionnoticias.com.mx\/index.php?rest_route=%2Fwp%2Fv2%2Fcomments&post=57938"}],"version-history":[{"count":1,"href":"https:\/\/www.interaccionnoticias.com.mx\/index.php?rest_route=\/wp\/v2\/posts\/57938\/revisions"}],"predecessor-version":[{"id":57941,"href":"https:\/\/www.interaccionnoticias.com.mx\/index.php?rest_route=\/wp\/v2\/posts\/57938\/revisions\/57941"}],"wp:featuredmedia":[{"embeddable":true,"href":"https:\/\/www.interaccionnoticias.com.mx\/index.php?rest_route=\/wp\/v2\/media\/57939"}],"wp:attachment":[{"href":"https:\/\/www.interaccionnoticias.com.mx\/index.php?rest_route=%2Fwp%2Fv2%2Fmedia&parent=57938"}],"wp:term":[{"taxonomy":"category","embeddable":true,"href":"https:\/\/www.interaccionnoticias.com.mx\/index.php?rest_route=%2Fwp%2Fv2%2Fcategories&post=57938"},{"taxonomy":"post_tag","embeddable":true,"href":"https:\/\/www.interaccionnoticias.com.mx\/index.php?rest_route=%2Fwp%2Fv2%2Ftags&post=57938"}],"curies":[{"name":"wp","href":"https:\/\/api.w.org\/{rel}","templated":true}]}}