{"id":5791,"date":"2017-06-27T17:52:52","date_gmt":"2017-06-27T22:52:52","guid":{"rendered":"http:\/\/www.inter-accion.com.mx\/?p=5791"},"modified":"2017-06-27T17:52:52","modified_gmt":"2017-06-27T22:52:52","slug":"confirman-la-demanda-de-juicio-politico-en-contra-del-fiscal-de-guerrero","status":"publish","type":"post","link":"https:\/\/www.interaccionnoticias.com.mx\/?p=5791","title":{"rendered":"Confirman la demanda de Juicio Pol\u00edtico en contra del fiscal de Guerrero"},"content":{"rendered":"<p><strong>Por permitir la operaci\u00f3n de 293 polic\u00edas ministeriales no certificados<\/strong><br \/>\nEl coordinador de la fracci\u00f3n parlamentaria del Movimiento Ciudadano (MC) en el Congreso local, Ricardo Mej\u00eda Berdeja confirmo su determinaci\u00f3n de promover un juicio pol\u00edtico contra el titular de la Fiscal\u00eda General del Estado (FGE) Javier Olea Pel\u00e1ez, por permitir que 293 polic\u00edas ministeriales sigan trabajando, pese a que no aprobaron sus ex\u00e1menes de control y confianza.<br \/>\nLa ma\u00f1ana del lunes 26 de junio, Mej\u00eda Berdeja sostuvo una discusi\u00f3n muy prolongada con el fiscal guerrerense, en el contexto de la comparecencia de Olea Pel\u00e1ez ante las comisiones unidas de Justicia y Seguridad P\u00fablica.<br \/>\nEn el contexto de dicha discusi\u00f3n, Mej\u00eda indic\u00f3 que promover\u00e1 un juicio pol\u00edtico en contra del responsable de la dependencia, habida cuenta de que se han cometido violaciones graves a la Constituci\u00f3n General de la Rep\u00fablica, adem\u00e1s de la Constituci\u00f3n Pol\u00edtica del Estado, &nbsp;adem\u00e1s de que se ha incumplido con la funci\u00f3n de ser representante de la sociedad.<br \/>\nConsider\u00f3 como una confesi\u00f3n muy grave, el hecho de que se permita que polic\u00edas ministeriales que no aprobaron sus ex\u00e1menes de control y confianza sigan en funciones, ya que eso perjudica al sistema de procuraci\u00f3n de justicia.<br \/>\n\u201cEs evidente que sus actuaciones pueden estar viciadas, lo que repercute en las investigaciones y el debido proceso\u201d, apunt\u00f3.<br \/>\nLa omisi\u00f3n en la que se incurre al permitir la operatividad de personal no certificado, de acuerdo con el legislador, constituye un delito que pone en riesgo la cadena de custodia en casos muy importantes.<br \/>\nLa petici\u00f3n de que se inicie el Juicio Pol\u00edtico contra el fiscal Olea Pel\u00e1ez, dijo que se presentar\u00e1 entre los \u00faltimos d\u00edas de la presente semana y los primeros de la pr\u00f3xima, pero ratific\u00f3 que no habr\u00e1 marcha atr\u00e1s en la petici\u00f3n de que se de paso al procedimiento de referencia.<br \/>\nEl lunes 26, el fiscal se\u00f1al\u00f3 que no est\u00e1 en condiciones de despedir a los 293 polic\u00edas ministeriales que no aprobaron sus ex\u00e1menes de control y confianza, pues pagar sus liquidaciones representa un gasto de al menos 50 millones de pesos, dinero que el Gobierno de Guerrero no tiene.<\/p>\n","protected":false},"excerpt":{"rendered":"<p>Por permitir la operaci\u00f3n de 293 polic\u00edas ministeriales no certificados El coordinador de la fracci\u00f3n parlamentaria del Movimiento Ciudadano (MC) en el Congreso local, Ricardo Mej\u00eda Berdeja confirmo su determinaci\u00f3n&hellip; <\/p>\n","protected":false},"author":1,"featured_media":0,"comment_status":"closed","ping_status":"closed","sticky":false,"template":"","format":"standard","meta":{"fifu_image_url":"","fifu_image_alt":"","footnotes":""},"categories":[2,8],"tags":[],"class_list":["post-5791","post","type-post","status-publish","format-standard","hentry","category-congreso","category-featured"],"_links":{"self":[{"href":"https:\/\/www.interaccionnoticias.com.mx\/index.php?rest_route=\/wp\/v2\/posts\/5791","targetHints":{"allow":["GET"]}}],"collection":[{"href":"https:\/\/www.interaccionnoticias.com.mx\/index.php?rest_route=\/wp\/v2\/posts"}],"about":[{"href":"https:\/\/www.interaccionnoticias.com.mx\/index.php?rest_route=\/wp\/v2\/types\/post"}],"author":[{"embeddable":true,"href":"https:\/\/www.interaccionnoticias.com.mx\/index.php?rest_route=\/wp\/v2\/users\/1"}],"replies":[{"embeddable":true,"href":"https:\/\/www.interaccionnoticias.com.mx\/index.php?rest_route=%2Fwp%2Fv2%2Fcomments&post=5791"}],"version-history":[{"count":0,"href":"https:\/\/www.interaccionnoticias.com.mx\/index.php?rest_route=\/wp\/v2\/posts\/5791\/revisions"}],"wp:attachment":[{"href":"https:\/\/www.interaccionnoticias.com.mx\/index.php?rest_route=%2Fwp%2Fv2%2Fmedia&parent=5791"}],"wp:term":[{"taxonomy":"category","embeddable":true,"href":"https:\/\/www.interaccionnoticias.com.mx\/index.php?rest_route=%2Fwp%2Fv2%2Fcategories&post=5791"},{"taxonomy":"post_tag","embeddable":true,"href":"https:\/\/www.interaccionnoticias.com.mx\/index.php?rest_route=%2Fwp%2Fv2%2Ftags&post=5791"}],"curies":[{"name":"wp","href":"https:\/\/api.w.org\/{rel}","templated":true}]}}