{"id":57896,"date":"2023-02-20T11:59:14","date_gmt":"2023-02-20T17:59:14","guid":{"rendered":"https:\/\/interaccionnoticias.com.mx\/?p=57896"},"modified":"2023-02-20T11:59:18","modified_gmt":"2023-02-20T17:59:18","slug":"incendios-del-mercado-y-marisqueria-ya-son-investigados-por-la-fge","status":"publish","type":"post","link":"https:\/\/www.interaccionnoticias.com.mx\/?p=57896","title":{"rendered":"Incendios del mercado y marisquer\u00eda ya son investigados por la FGE"},"content":{"rendered":"\n<p><em><strong>&#8212; Protecci\u00f3n Civil descarta falla el\u00e9ctrica, como causa del siniestro<br>&#8212; Ya se integr\u00f3 una carpeta de investigaci\u00f3n, confirma la alcaldesa Norma Otilia Hern\u00e1ndez<\/strong><\/em><\/p>\n\n\n\n<p><strong>Rogelio Agust\u00edn<\/strong><\/p>\n\n\n\n<p>La alcaldesa Norma Otilia Hern\u00e1ndez Mart\u00ednez confirm\u00f3 que son 12 los locales afectados por el incendio en el mercado central Baltazar R. Leyva Mancilla, indic\u00f3 que ya se integr\u00f3 una carpeta de investigaci\u00f3n y que ser\u00e1 la Fiscal\u00eda General del Estado (FGE) la que informe cual fue la causa del siniestro.<\/p>\n\n\n\n<p>La jefa de Cabildo acudi\u00f3 la ma\u00f1ana del lunes a la principal central de abastos de la ciudad, para recorrer los locales afectados por el incendio que se registr\u00f3 alrededor de las 03:00 horas, casi al mismo tiempo en que se quemaba la marisquer\u00eda El Marino, en la salida norte de la ciudad.<\/p>\n\n\n\n<p>A diferencia de \u201cEl Marino\u201d, donde se confirma la muerte de dos personas que resultaron calcinadas, en el mercado solamente hubo da\u00f1os materiales, los m\u00e1s visibles en u negocio de abarrotes.<\/p>\n\n\n\n<p>Hern\u00e1ndez Mart\u00ednez estuvo acompa\u00f1ada por su titular de Seguridad P\u00fablica Municipal, as\u00ed como mandos de la 35 Zona Militar y responsables de Protecci\u00f3n Civil, dada la inquietud que el hecho gener\u00f3 entre los comerciantes.<\/p>\n\n\n\n<p>Para las 10:00 horas, dijo que se ten\u00eda la certeza de que la causa del incendio no fue un corto circuito, pero no se anim\u00f3 a dar a conocer alguna de las posibles causas, pues se\u00f1al\u00f3 que esa ya es una responsabilidad que se encuentra en manos de la Fiscal\u00eda General del Estado (FGE).<\/p>\n\n\n\n<p>\u201cNo quiero cometer ninguna imprudencia ni ser irresponsable\u201d, dijo al ser cuestionada sobre las causas.<\/p>\n\n\n\n<p>Precis\u00f3 que los puestos afectados son 12, los que se encuentran en una zona irregular del mercado, ya que se trata del antiguo estacionamiento que desde hace varios a\u00f1os se encuentra invadido.<\/p>\n\n\n\n<p>A sugerencia de los propios comerciantes, indic\u00f3 que se van a revisar las im\u00e1genes de algunas c\u00e1maras de vigilancia, las cuales ya fueron entregadas a la Fiscal\u00eda del Estado.<\/p>\n\n\n\n<p>Dijo que la seguridad en el mercado se mantiene, por lo que hay en el mercado una unidad de vigilancia de manera permanente, lo que permiti\u00f3 que se emitiera la voz de alerta de inmediato.<\/p>\n\n\n\n<p>A pregunta expresa, dijo que los comerciantes de esa parte del mercado no cuentan con ning\u00fan tipo de seguro, de tal suerte que se tendr\u00e1 que revisar la manera en que se les apoyar\u00e1.<\/p>\n\n\n\n<p>La parte afectada es la nave cero, una zona irregular que actualmente se encuentra en litigio, donde hay por lo menos 40 puestos instalados de manera irregular.<\/p>\n\n\n\n<p><strong>Hubo distractores durante la contingencia<\/strong><\/p>\n\n\n\n<p>Protecci\u00f3n Civil del Municipio confirm\u00f3 que al momento en que se combat\u00eda el fuego, hubo varias llamadas falsas que tuvieron la clara intenci\u00f3n de distraer a los cuerpos de auxilio.<\/p>\n\n\n\n<p>Primero se report\u00f3 el incendio de una casa en la colonia Obrera, en el sector poniente de la ciudad, posteriormente otra conflagraci\u00f3n en los cerros ubicados sobre la salida hacia Tixtla, del lado oriente y un veh\u00edculo en llamas en la salida sur.<\/p>\n\n\n\n<p>Todos los reportes, de acuerdo con las autoridades fueron falsos, pues solamente se confirm\u00f3 el siniestro del mercado central y de la marisquer\u00eda El Marino.<\/p>\n\n\n\n<p>Los hechos se registraron en lapso menor a dos horas.<\/p>\n\n\n\n<div class=\"wp-block-jetpack-slideshow aligncenter\" data-effect=\"slide\"><div class=\"wp-block-jetpack-slideshow_container swiper-container\"><ul class=\"wp-block-jetpack-slideshow_swiper-wrapper swiper-wrapper\"><li class=\"wp-block-jetpack-slideshow_slide swiper-slide\"><figure><img decoding=\"async\" src=\"data:image\/gif;base64,R0lGODlhAQABAIAAAAAAAP\/\/\/ywAAAAAAQABAAACAUwAOw==\" fifu-lazy=\"1\" fifu-data-sizes=\"auto\" fifu-data-srcset=\"https:\/\/i0.wp.com\/interaccionnoticias.com.mx\/wp-content\/uploads\/2023\/02\/230220-Incendios-2-1024x683.jpg?ssl=1&w=75&resize=75&ssl=1 75w, https:\/\/i0.wp.com\/interaccionnoticias.com.mx\/wp-content\/uploads\/2023\/02\/230220-Incendios-2-1024x683.jpg?ssl=1&w=100&resize=100&ssl=1 100w, https:\/\/i0.wp.com\/interaccionnoticias.com.mx\/wp-content\/uploads\/2023\/02\/230220-Incendios-2-1024x683.jpg?ssl=1&w=150&resize=150&ssl=1 150w, https:\/\/i0.wp.com\/interaccionnoticias.com.mx\/wp-content\/uploads\/2023\/02\/230220-Incendios-2-1024x683.jpg?ssl=1&w=240&resize=240&ssl=1 240w, https:\/\/i0.wp.com\/interaccionnoticias.com.mx\/wp-content\/uploads\/2023\/02\/230220-Incendios-2-1024x683.jpg?ssl=1&w=320&resize=320&ssl=1 320w, https:\/\/i0.wp.com\/interaccionnoticias.com.mx\/wp-content\/uploads\/2023\/02\/230220-Incendios-2-1024x683.jpg?ssl=1&w=500&resize=500&ssl=1 500w, https:\/\/i0.wp.com\/interaccionnoticias.com.mx\/wp-content\/uploads\/2023\/02\/230220-Incendios-2-1024x683.jpg?ssl=1&w=640&resize=640&ssl=1 640w, https:\/\/i0.wp.com\/interaccionnoticias.com.mx\/wp-content\/uploads\/2023\/02\/230220-Incendios-2-1024x683.jpg?ssl=1&w=800&resize=800&ssl=1 800w, https:\/\/i0.wp.com\/interaccionnoticias.com.mx\/wp-content\/uploads\/2023\/02\/230220-Incendios-2-1024x683.jpg?ssl=1&w=1024&resize=1024&ssl=1 1024w, https:\/\/i0.wp.com\/interaccionnoticias.com.mx\/wp-content\/uploads\/2023\/02\/230220-Incendios-2-1024x683.jpg?ssl=1&w=1280&resize=1280&ssl=1 1280w, https:\/\/i0.wp.com\/interaccionnoticias.com.mx\/wp-content\/uploads\/2023\/02\/230220-Incendios-2-1024x683.jpg?ssl=1&w=1600&resize=1600&ssl=1 1600w\" alt=\"\" class=\"wp-block-jetpack-slideshow_image wp-image-57897\" data-id=\"57897\" fifu-data-src=\"https:\/\/i0.wp.com\/interaccionnoticias.com.mx\/wp-content\/uploads\/2023\/02\/230220-Incendios-2-1024x683.jpg?ssl=1\"\/><\/figure><\/li><li class=\"wp-block-jetpack-slideshow_slide swiper-slide\"><figure><img decoding=\"async\" src=\"data:image\/gif;base64,R0lGODlhAQABAIAAAAAAAP\/\/\/ywAAAAAAQABAAACAUwAOw==\" fifu-lazy=\"1\" fifu-data-sizes=\"auto\" fifu-data-srcset=\"https:\/\/i2.wp.com\/interaccionnoticias.com.mx\/wp-content\/uploads\/2023\/02\/230220-Incendios-3-1024x683.jpg?ssl=1&w=75&resize=75&ssl=1 75w, https:\/\/i2.wp.com\/interaccionnoticias.com.mx\/wp-content\/uploads\/2023\/02\/230220-Incendios-3-1024x683.jpg?ssl=1&w=100&resize=100&ssl=1 100w, https:\/\/i2.wp.com\/interaccionnoticias.com.mx\/wp-content\/uploads\/2023\/02\/230220-Incendios-3-1024x683.jpg?ssl=1&w=150&resize=150&ssl=1 150w, https:\/\/i2.wp.com\/interaccionnoticias.com.mx\/wp-content\/uploads\/2023\/02\/230220-Incendios-3-1024x683.jpg?ssl=1&w=240&resize=240&ssl=1 240w, https:\/\/i2.wp.com\/interaccionnoticias.com.mx\/wp-content\/uploads\/2023\/02\/230220-Incendios-3-1024x683.jpg?ssl=1&w=320&resize=320&ssl=1 320w, https:\/\/i2.wp.com\/interaccionnoticias.com.mx\/wp-content\/uploads\/2023\/02\/230220-Incendios-3-1024x683.jpg?ssl=1&w=500&resize=500&ssl=1 500w, https:\/\/i2.wp.com\/interaccionnoticias.com.mx\/wp-content\/uploads\/2023\/02\/230220-Incendios-3-1024x683.jpg?ssl=1&w=640&resize=640&ssl=1 640w, https:\/\/i2.wp.com\/interaccionnoticias.com.mx\/wp-content\/uploads\/2023\/02\/230220-Incendios-3-1024x683.jpg?ssl=1&w=800&resize=800&ssl=1 800w, https:\/\/i2.wp.com\/interaccionnoticias.com.mx\/wp-content\/uploads\/2023\/02\/230220-Incendios-3-1024x683.jpg?ssl=1&w=1024&resize=1024&ssl=1 1024w, https:\/\/i2.wp.com\/interaccionnoticias.com.mx\/wp-content\/uploads\/2023\/02\/230220-Incendios-3-1024x683.jpg?ssl=1&w=1280&resize=1280&ssl=1 1280w, https:\/\/i2.wp.com\/interaccionnoticias.com.mx\/wp-content\/uploads\/2023\/02\/230220-Incendios-3-1024x683.jpg?ssl=1&w=1600&resize=1600&ssl=1 1600w\" alt=\"\" class=\"wp-block-jetpack-slideshow_image wp-image-57898\" data-id=\"57898\" fifu-data-src=\"https:\/\/i2.wp.com\/interaccionnoticias.com.mx\/wp-content\/uploads\/2023\/02\/230220-Incendios-3-1024x683.jpg?ssl=1\"\/><\/figure><\/li><li class=\"wp-block-jetpack-slideshow_slide swiper-slide\"><figure><img decoding=\"async\" src=\"data:image\/gif;base64,R0lGODlhAQABAIAAAAAAAP\/\/\/ywAAAAAAQABAAACAUwAOw==\" fifu-lazy=\"1\" fifu-data-sizes=\"auto\" fifu-data-srcset=\"https:\/\/i3.wp.com\/interaccionnoticias.com.mx\/wp-content\/uploads\/2023\/02\/230220-Incendios-1-1024x683.jpg?ssl=1&w=75&resize=75&ssl=1 75w, https:\/\/i3.wp.com\/interaccionnoticias.com.mx\/wp-content\/uploads\/2023\/02\/230220-Incendios-1-1024x683.jpg?ssl=1&w=100&resize=100&ssl=1 100w, https:\/\/i3.wp.com\/interaccionnoticias.com.mx\/wp-content\/uploads\/2023\/02\/230220-Incendios-1-1024x683.jpg?ssl=1&w=150&resize=150&ssl=1 150w, https:\/\/i3.wp.com\/interaccionnoticias.com.mx\/wp-content\/uploads\/2023\/02\/230220-Incendios-1-1024x683.jpg?ssl=1&w=240&resize=240&ssl=1 240w, https:\/\/i3.wp.com\/interaccionnoticias.com.mx\/wp-content\/uploads\/2023\/02\/230220-Incendios-1-1024x683.jpg?ssl=1&w=320&resize=320&ssl=1 320w, https:\/\/i3.wp.com\/interaccionnoticias.com.mx\/wp-content\/uploads\/2023\/02\/230220-Incendios-1-1024x683.jpg?ssl=1&w=500&resize=500&ssl=1 500w, https:\/\/i3.wp.com\/interaccionnoticias.com.mx\/wp-content\/uploads\/2023\/02\/230220-Incendios-1-1024x683.jpg?ssl=1&w=640&resize=640&ssl=1 640w, https:\/\/i3.wp.com\/interaccionnoticias.com.mx\/wp-content\/uploads\/2023\/02\/230220-Incendios-1-1024x683.jpg?ssl=1&w=800&resize=800&ssl=1 800w, https:\/\/i3.wp.com\/interaccionnoticias.com.mx\/wp-content\/uploads\/2023\/02\/230220-Incendios-1-1024x683.jpg?ssl=1&w=1024&resize=1024&ssl=1 1024w, https:\/\/i3.wp.com\/interaccionnoticias.com.mx\/wp-content\/uploads\/2023\/02\/230220-Incendios-1-1024x683.jpg?ssl=1&w=1280&resize=1280&ssl=1 1280w, https:\/\/i3.wp.com\/interaccionnoticias.com.mx\/wp-content\/uploads\/2023\/02\/230220-Incendios-1-1024x683.jpg?ssl=1&w=1600&resize=1600&ssl=1 1600w\" alt=\"\" class=\"wp-block-jetpack-slideshow_image wp-image-57899\" data-id=\"57899\" fifu-data-src=\"https:\/\/i3.wp.com\/interaccionnoticias.com.mx\/wp-content\/uploads\/2023\/02\/230220-Incendios-1-1024x683.jpg?ssl=1\"\/><\/figure><\/li><\/ul><a class=\"wp-block-jetpack-slideshow_button-prev swiper-button-prev swiper-button-white\" role=\"button\"><\/a><a class=\"wp-block-jetpack-slideshow_button-next swiper-button-next swiper-button-white\" role=\"button\"><\/a><a aria-label=\"Pause Slideshow\" class=\"wp-block-jetpack-slideshow_button-pause\" role=\"button\"><\/a><div class=\"wp-block-jetpack-slideshow_pagination swiper-pagination swiper-pagination-white\"><\/div><\/div><\/div>\n","protected":false},"excerpt":{"rendered":"<p>&#8212; Protecci\u00f3n Civil descarta falla el\u00e9ctrica, como causa del siniestro&#8212; Ya se integr\u00f3 una carpeta de investigaci\u00f3n, confirma la alcaldesa Norma Otilia Hern\u00e1ndez Rogelio Agust\u00edn La alcaldesa Norma Otilia Hern\u00e1ndez&hellip; <\/p>\n","protected":false},"author":21,"featured_media":57898,"comment_status":"open","ping_status":"open","sticky":false,"template":"","format":"standard","meta":{"fifu_image_url":"","fifu_image_alt":"","footnotes":""},"categories":[27],"tags":[],"class_list":["post-57896","post","type-post","status-publish","format-standard","has-post-thumbnail","hentry","category-seguridad-publica"],"_links":{"self":[{"href":"https:\/\/www.interaccionnoticias.com.mx\/index.php?rest_route=\/wp\/v2\/posts\/57896","targetHints":{"allow":["GET"]}}],"collection":[{"href":"https:\/\/www.interaccionnoticias.com.mx\/index.php?rest_route=\/wp\/v2\/posts"}],"about":[{"href":"https:\/\/www.interaccionnoticias.com.mx\/index.php?rest_route=\/wp\/v2\/types\/post"}],"author":[{"embeddable":true,"href":"https:\/\/www.interaccionnoticias.com.mx\/index.php?rest_route=\/wp\/v2\/users\/21"}],"replies":[{"embeddable":true,"href":"https:\/\/www.interaccionnoticias.com.mx\/index.php?rest_route=%2Fwp%2Fv2%2Fcomments&post=57896"}],"version-history":[{"count":1,"href":"https:\/\/www.interaccionnoticias.com.mx\/index.php?rest_route=\/wp\/v2\/posts\/57896\/revisions"}],"predecessor-version":[{"id":57900,"href":"https:\/\/www.interaccionnoticias.com.mx\/index.php?rest_route=\/wp\/v2\/posts\/57896\/revisions\/57900"}],"wp:featuredmedia":[{"embeddable":true,"href":"https:\/\/www.interaccionnoticias.com.mx\/index.php?rest_route=\/wp\/v2\/media\/57898"}],"wp:attachment":[{"href":"https:\/\/www.interaccionnoticias.com.mx\/index.php?rest_route=%2Fwp%2Fv2%2Fmedia&parent=57896"}],"wp:term":[{"taxonomy":"category","embeddable":true,"href":"https:\/\/www.interaccionnoticias.com.mx\/index.php?rest_route=%2Fwp%2Fv2%2Fcategories&post=57896"},{"taxonomy":"post_tag","embeddable":true,"href":"https:\/\/www.interaccionnoticias.com.mx\/index.php?rest_route=%2Fwp%2Fv2%2Ftags&post=57896"}],"curies":[{"name":"wp","href":"https:\/\/api.w.org\/{rel}","templated":true}]}}