{"id":57870,"date":"2023-02-19T21:46:43","date_gmt":"2023-02-20T03:46:43","guid":{"rendered":"https:\/\/interaccionnoticias.com.mx\/?p=57870"},"modified":"2023-02-19T21:46:47","modified_gmt":"2023-02-20T03:46:47","slug":"gregorio-una-vida-buscando-a-su-hermana-la-mitica-victoria-hernandez-brito","status":"publish","type":"post","link":"https:\/\/www.interaccionnoticias.com.mx\/?p=57870","title":{"rendered":"Gregorio, una vida buscando a su hermana, la m\u00edtica Victoria Hern\u00e1ndez Brito"},"content":{"rendered":"\n<p><strong><em>&#8212; No hay se\u00f1ales de la estudiantes de la Escuela Superior de Agronom\u00eda<\/em><\/strong><\/p>\n\n\n\n<p><strong>Yasm\u00edn Garc\u00eda Chino<\/strong><\/p>\n\n\n\n<p>Gregorio Hern\u00e1ndez Brito desde hace 45 a\u00f1os busca a su hermana Victoria, a quien el 11 de octubre de 1976 se llevaron militares encabezados por el General Mario Arturo Acosta Chaparro.<\/p>\n\n\n\n<p>El personal a cargo del mando militar, asesinado en la Ciudad de M\u00e9xico en 2012, irrumpieron en el domicilio de los padres de Victoria, ubicado en la Calle Ray\u00f3n con el n\u00famero 24 en la ciudad de Iguala de la Independencia y se la llevaron.<\/p>\n\n\n\n<p>Desde entonces se desconoce el paradero de la joven estudiante universitaria.<\/p>\n\n\n\n<p>Victoria ten\u00eda 25 a\u00f1os de edad, estudiaba en la Escuela Superior de Agricultura (ESA), era integrante del movimiento estudiantil que exig\u00eda la apertura de su escuela, cerrada en 1975 por el entonces gobernador de Guerrero, Rub\u00e9n Figueroa Figueroa.<\/p>\n\n\n\n<p>El 10 de octubre de 1976, un d\u00eda antes de su desaparici\u00f3n, la joven estuvo en la Ciudad de M\u00e9xico, protestando afuera de las instalaciones de Gobernaci\u00f3n Federal, para exigir la apertura y entrega de las instalaciones de la Escuela Superior de Agricultura.<\/p>\n\n\n\n<p>\u201cDesde el cierre de la escuela por parte de Rub\u00e9n Figueroa, mi hermana Victoria se dedic\u00f3 a protestar, y un d\u00eda antes de que se la llevaran y desaparecieran estuvo en la Ciudad de M\u00e9xico, luchando porque la volvieran a abrir, ese fue el motivo por el que se la llevaron\u201d. Relata Gregorio.<\/p>\n\n\n\n<p>A sus 85 a\u00f1os Gregorio no ha dejado de buscar a su hermana, la ma\u00f1ana del domingo asisti\u00f3 a la marcha contra el ej\u00e9rcito y fuerza \u00e1rea por su participaci\u00f3n en la desaparici\u00f3n, asesinatos y torturas, era la \u00e9poca de los setentas.<\/p>\n\n\n\n<p>A las 6 de la ma\u00f1ana sali\u00f3 de Taxco, ciudad en la que ahora radica, para llegar a Chilpancingo, marchar por la Autopista del Sol y protestar en las instalaciones del sexto batall\u00f3n de ingenieros de combate en donde la gobernadora del estado Evelyn Salgado Pineda asisti\u00f3 como invitada a la ceremonia conmemorativa por el 110 aniversario del Ej\u00e9rcito Mexicano.<\/p>\n\n\n\n<p>Gregorio no puede caminar distancias largas se apoya de un bast\u00f3n con un asiento plegable para poder descansar durante las marchas, hace algunos meses se cay\u00f3 y se fracturo la pierna, sin embargo, no es impedimento para que deje de buscar a su hermana.<\/p>\n\n\n\n<p>\u201cYo no pierdo la esperanza de encontrarla, no voy a aceptar que el gobierno me diga que no aparece, voy a buscarla para encontrarla, porque viva se la llevaron y viva la queremos\u201d. Enfatiz\u00f3 mientras permanece sentado en el asiento plegable de su bast\u00f3n.<\/p>\n\n\n\n<p><strong>BUSQUEDA DE GENERACI\u00d3N EN GENERACI\u00d3N<\/strong><\/p>\n\n\n\n<p>Mar\u00eda Araceli Ramos V\u00e1zquez busca a su papa, a su abuelo, a sus t\u00edos desaparecidos el 9 de febrero de 1975 en la comunidad de San Juan de los Lagos, municipio de Atoyac de \u00c1lvarez, y desde hace 8 a\u00f1os a su hijo, Gilberto Ortiz Ramos, uno de los 43 estudiantes de la Escuela Normal Rural de Ayotzinapa \u201cRa\u00fal Isidro Burgos\u201d, desaparecidos la noche del 26 y madrugada del 27 de septiembre del a\u00f1o 2014.<\/p>\n\n\n\n<p>Mar\u00eda tenia 3 a\u00f1os, cuando su padre Felipe Ramos, junto a su abuelo y sus t\u00edos, fueron desaparecidos, por el Ej\u00e9rcito Mexicano y el gobierno, su abuela fue la primera de la familia que se dedic\u00f3 a buscarlos, despu\u00e9s su mam\u00e1 y ahora ella, junto a su hermano Narciso Ramos V\u00e1zquez contin\u00faan la b\u00fasqueda.<\/p>\n\n\n\n<p>La \u00faltima vez que Mar\u00eda Araceli vio a su hijo fue el 13 de agosto de 2014, \u201cse despidi\u00f3 de mi para irse a estudiar, yo no pierdo la fe y esperanza de encontrarlo para mi sigue estando vivo a pesar de lo que nos diga el gobierno\u201d. Manifest\u00f3.<\/p>\n\n\n\n<p>Debido a la situaci\u00f3n y el proceso que ha tenido que vivir de tristeza y angustia, la se\u00f1ora Mar\u00eda, enferm\u00f3 de diabetes.<\/p>\n\n\n\n<p>Lamenta que el presidente de la Rep\u00fablica Andr\u00e9s Manuel L\u00f3pez Obrador, en su campa\u00f1a se comprometi\u00f3 con los padres de los 43 estudiantes desaparecidos de encontrarlos y regresarlos, y hasta la fecha no ha cumplido.<\/p>\n\n\n\n<p>Mar\u00eda seguir\u00e1 en la b\u00fasqueda de sus familiares, de justicia y castigo a los culpables.<\/p>\n\n\n\n<figure class=\"wp-block-gallery columns-2 is-cropped wp-block-gallery-1 is-layout-flex wp-block-gallery-is-layout-flex\"><ul class=\"blocks-gallery-grid\"><li class=\"blocks-gallery-item\"><figure><img decoding=\"async\" src=\"data:image\/gif;base64,R0lGODlhAQABAIAAAAAAAP\/\/\/ywAAAAAAQABAAACAUwAOw==\" fifu-lazy=\"1\" fifu-data-sizes=\"auto\" fifu-data-srcset=\"https:\/\/i2.wp.com\/interaccionnoticias.com.mx\/wp-content\/uploads\/2023\/02\/230219-Gregorio-Hernandez-Brito-2-1024x728.jpg?ssl=1&w=75&resize=75&ssl=1 75w, https:\/\/i2.wp.com\/interaccionnoticias.com.mx\/wp-content\/uploads\/2023\/02\/230219-Gregorio-Hernandez-Brito-2-1024x728.jpg?ssl=1&w=100&resize=100&ssl=1 100w, https:\/\/i2.wp.com\/interaccionnoticias.com.mx\/wp-content\/uploads\/2023\/02\/230219-Gregorio-Hernandez-Brito-2-1024x728.jpg?ssl=1&w=150&resize=150&ssl=1 150w, https:\/\/i2.wp.com\/interaccionnoticias.com.mx\/wp-content\/uploads\/2023\/02\/230219-Gregorio-Hernandez-Brito-2-1024x728.jpg?ssl=1&w=240&resize=240&ssl=1 240w, https:\/\/i2.wp.com\/interaccionnoticias.com.mx\/wp-content\/uploads\/2023\/02\/230219-Gregorio-Hernandez-Brito-2-1024x728.jpg?ssl=1&w=320&resize=320&ssl=1 320w, https:\/\/i2.wp.com\/interaccionnoticias.com.mx\/wp-content\/uploads\/2023\/02\/230219-Gregorio-Hernandez-Brito-2-1024x728.jpg?ssl=1&w=500&resize=500&ssl=1 500w, https:\/\/i2.wp.com\/interaccionnoticias.com.mx\/wp-content\/uploads\/2023\/02\/230219-Gregorio-Hernandez-Brito-2-1024x728.jpg?ssl=1&w=640&resize=640&ssl=1 640w, https:\/\/i2.wp.com\/interaccionnoticias.com.mx\/wp-content\/uploads\/2023\/02\/230219-Gregorio-Hernandez-Brito-2-1024x728.jpg?ssl=1&w=800&resize=800&ssl=1 800w, https:\/\/i2.wp.com\/interaccionnoticias.com.mx\/wp-content\/uploads\/2023\/02\/230219-Gregorio-Hernandez-Brito-2-1024x728.jpg?ssl=1&w=1024&resize=1024&ssl=1 1024w, https:\/\/i2.wp.com\/interaccionnoticias.com.mx\/wp-content\/uploads\/2023\/02\/230219-Gregorio-Hernandez-Brito-2-1024x728.jpg?ssl=1&w=1280&resize=1280&ssl=1 1280w, https:\/\/i2.wp.com\/interaccionnoticias.com.mx\/wp-content\/uploads\/2023\/02\/230219-Gregorio-Hernandez-Brito-2-1024x728.jpg?ssl=1&w=1600&resize=1600&ssl=1 1600w\" fifu-data-src=\"https:\/\/i2.wp.com\/interaccionnoticias.com.mx\/wp-content\/uploads\/2023\/02\/230219-Gregorio-Hernandez-Brito-2-1024x728.jpg?ssl=1\" alt=\"\" data-id=\"57871\" data-full-url=\"https:\/\/interaccionnoticias.com.mx\/wp-content\/uploads\/2023\/02\/230219-Gregorio-Hernandez-Brito-2.jpg\" data-link=\"https:\/\/interaccionnoticias.com.mx\/?attachment_id=57871\" class=\"wp-image-57871\"\/><\/figure><\/li><li class=\"blocks-gallery-item\"><figure><img decoding=\"async\" src=\"data:image\/gif;base64,R0lGODlhAQABAIAAAAAAAP\/\/\/ywAAAAAAQABAAACAUwAOw==\" fifu-lazy=\"1\" fifu-data-sizes=\"auto\" fifu-data-srcset=\"https:\/\/i1.wp.com\/interaccionnoticias.com.mx\/wp-content\/uploads\/2023\/02\/230219-Gregorio-Hernandez-Brito-1-1024x728.jpg?ssl=1&w=75&resize=75&ssl=1 75w, https:\/\/i1.wp.com\/interaccionnoticias.com.mx\/wp-content\/uploads\/2023\/02\/230219-Gregorio-Hernandez-Brito-1-1024x728.jpg?ssl=1&w=100&resize=100&ssl=1 100w, https:\/\/i1.wp.com\/interaccionnoticias.com.mx\/wp-content\/uploads\/2023\/02\/230219-Gregorio-Hernandez-Brito-1-1024x728.jpg?ssl=1&w=150&resize=150&ssl=1 150w, https:\/\/i1.wp.com\/interaccionnoticias.com.mx\/wp-content\/uploads\/2023\/02\/230219-Gregorio-Hernandez-Brito-1-1024x728.jpg?ssl=1&w=240&resize=240&ssl=1 240w, https:\/\/i1.wp.com\/interaccionnoticias.com.mx\/wp-content\/uploads\/2023\/02\/230219-Gregorio-Hernandez-Brito-1-1024x728.jpg?ssl=1&w=320&resize=320&ssl=1 320w, https:\/\/i1.wp.com\/interaccionnoticias.com.mx\/wp-content\/uploads\/2023\/02\/230219-Gregorio-Hernandez-Brito-1-1024x728.jpg?ssl=1&w=500&resize=500&ssl=1 500w, https:\/\/i1.wp.com\/interaccionnoticias.com.mx\/wp-content\/uploads\/2023\/02\/230219-Gregorio-Hernandez-Brito-1-1024x728.jpg?ssl=1&w=640&resize=640&ssl=1 640w, https:\/\/i1.wp.com\/interaccionnoticias.com.mx\/wp-content\/uploads\/2023\/02\/230219-Gregorio-Hernandez-Brito-1-1024x728.jpg?ssl=1&w=800&resize=800&ssl=1 800w, https:\/\/i1.wp.com\/interaccionnoticias.com.mx\/wp-content\/uploads\/2023\/02\/230219-Gregorio-Hernandez-Brito-1-1024x728.jpg?ssl=1&w=1024&resize=1024&ssl=1 1024w, https:\/\/i1.wp.com\/interaccionnoticias.com.mx\/wp-content\/uploads\/2023\/02\/230219-Gregorio-Hernandez-Brito-1-1024x728.jpg?ssl=1&w=1280&resize=1280&ssl=1 1280w, https:\/\/i1.wp.com\/interaccionnoticias.com.mx\/wp-content\/uploads\/2023\/02\/230219-Gregorio-Hernandez-Brito-1-1024x728.jpg?ssl=1&w=1600&resize=1600&ssl=1 1600w\" fifu-data-src=\"https:\/\/i1.wp.com\/interaccionnoticias.com.mx\/wp-content\/uploads\/2023\/02\/230219-Gregorio-Hernandez-Brito-1-1024x728.jpg?ssl=1\" alt=\"\" data-id=\"57872\" data-full-url=\"https:\/\/interaccionnoticias.com.mx\/wp-content\/uploads\/2023\/02\/230219-Gregorio-Hernandez-Brito-1.jpg\" data-link=\"https:\/\/interaccionnoticias.com.mx\/?attachment_id=57872\" class=\"wp-image-57872\"\/><\/figure><\/li><\/ul><\/figure>\n","protected":false},"excerpt":{"rendered":"<p>&#8212; No hay se\u00f1ales de la estudiantes de la Escuela Superior de Agronom\u00eda Yasm\u00edn Garc\u00eda Chino Gregorio Hern\u00e1ndez Brito desde hace 45 a\u00f1os busca a su hermana Victoria, a quien&hellip; <\/p>\n","protected":false},"author":4,"featured_media":57872,"comment_status":"open","ping_status":"open","sticky":false,"template":"","format":"standard","meta":{"fifu_image_url":"","fifu_image_alt":"","footnotes":""},"categories":[15],"tags":[],"class_list":["post-57870","post","type-post","status-publish","format-standard","has-post-thumbnail","hentry","category-movimientos-sociales"],"_links":{"self":[{"href":"https:\/\/www.interaccionnoticias.com.mx\/index.php?rest_route=\/wp\/v2\/posts\/57870","targetHints":{"allow":["GET"]}}],"collection":[{"href":"https:\/\/www.interaccionnoticias.com.mx\/index.php?rest_route=\/wp\/v2\/posts"}],"about":[{"href":"https:\/\/www.interaccionnoticias.com.mx\/index.php?rest_route=\/wp\/v2\/types\/post"}],"author":[{"embeddable":true,"href":"https:\/\/www.interaccionnoticias.com.mx\/index.php?rest_route=\/wp\/v2\/users\/4"}],"replies":[{"embeddable":true,"href":"https:\/\/www.interaccionnoticias.com.mx\/index.php?rest_route=%2Fwp%2Fv2%2Fcomments&post=57870"}],"version-history":[{"count":1,"href":"https:\/\/www.interaccionnoticias.com.mx\/index.php?rest_route=\/wp\/v2\/posts\/57870\/revisions"}],"predecessor-version":[{"id":57873,"href":"https:\/\/www.interaccionnoticias.com.mx\/index.php?rest_route=\/wp\/v2\/posts\/57870\/revisions\/57873"}],"wp:featuredmedia":[{"embeddable":true,"href":"https:\/\/www.interaccionnoticias.com.mx\/index.php?rest_route=\/wp\/v2\/media\/57872"}],"wp:attachment":[{"href":"https:\/\/www.interaccionnoticias.com.mx\/index.php?rest_route=%2Fwp%2Fv2%2Fmedia&parent=57870"}],"wp:term":[{"taxonomy":"category","embeddable":true,"href":"https:\/\/www.interaccionnoticias.com.mx\/index.php?rest_route=%2Fwp%2Fv2%2Fcategories&post=57870"},{"taxonomy":"post_tag","embeddable":true,"href":"https:\/\/www.interaccionnoticias.com.mx\/index.php?rest_route=%2Fwp%2Fv2%2Ftags&post=57870"}],"curies":[{"name":"wp","href":"https:\/\/api.w.org\/{rel}","templated":true}]}}