{"id":57862,"date":"2023-02-19T16:55:32","date_gmt":"2023-02-19T22:55:32","guid":{"rendered":"https:\/\/interaccionnoticias.com.mx\/?p=57862"},"modified":"2023-02-19T16:55:36","modified_gmt":"2023-02-19T22:55:36","slug":"reconoce-evelyn-salgado-trabajo-y-lealtad-de-las-y-los-soldados-con-guerrero","status":"publish","type":"post","link":"https:\/\/www.interaccionnoticias.com.mx\/?p=57862","title":{"rendered":"Reconoce Evelyn Salgado trabajo y lealtad de las y los soldados con Guerrero"},"content":{"rendered":"\n<p><strong><em>&#8212; Asiste la gobernadora a la conmemoraci\u00f3n del 110 Aniversario del Ej\u00e9rcito Mexicano en Chilpancingo<br>&#8212; Refrenda Ej\u00e9rcito respaldo a la titular del Ejecutivo estatal y compromiso incondicional con el pueblo de Guerrero<\/em><\/strong><\/p>\n\n\n\n<p><strong>Chilpancingo, Gro., 19 de febrero del 2023. &#8211;<\/strong> Al conmemorar el 110 Aniversario del Ej\u00e9rcito Mexicano, la gobernadora Evelyn Salgado Pineda, destac\u00f3 el compromiso de esta instituci\u00f3n militar con el pueblo de Guerrero y su trabajo coordinado con las instituciones civiles para lograr la paz y tranquilidad con justicia social que anhela la poblaci\u00f3n.<\/p>\n\n\n\n<p>Evelyn Salgado, se\u00f1al\u00f3 que Guerrero sigue la ruta del trabajo coordinado con los diferentes niveles de gobierno y con las diferentes instituciones, con el Ej\u00e9rcito, con la Marina y con la Guardia Nacional, por la transformaci\u00f3n del estado, con justicia, pero, sobre todo, buscando el bienestar social.<\/p>\n\n\n\n<p>En su mensaje, la mandataria estatal, hizo un reconocimiento a las mujeres y hombres que integran las filas del Ej\u00e9rcito Mexicano, una instituci\u00f3n honorable y pilar del Estado Mexicano, que mantiene su gran apoyo a Guerrero tanto en materia de seguridad, as\u00ed como en el auxilio a la poblaci\u00f3n civil en situaci\u00f3n de desastres naturales.<\/p>\n\n\n\n<p>En 110 a\u00f1os de existencia el Ej\u00e9rcito Mexicano ha sido reconocido por la sociedad mexicana como una instituci\u00f3n comprometida con la naci\u00f3n, siempre listo para encarar los desaf\u00edos actuando con firmeza, valor y lealtad institucional, defendiendo la integridad, dependencia y soberan\u00eda de la Naci\u00f3n, garantizar la seguridad interior, auxiliar a la poblaci\u00f3n civil en caso de necesidades p\u00fablicas, realizar acciones c\u00edvicas y obras sociales que atiendan al progreso del pa\u00eds.<\/p>\n\n\n\n<p>En el evento realizado en las instalaciones de la 35 Zona Militar en Chilpancingo, el comandante de la Novena Regi\u00f3n Militar, Ricardo Flores Gonz\u00e1lez, refrend\u00f3 el respaldo de esta instituci\u00f3n armada a la gobernadora Evelyn Salgado Pineda y de forma incondicional al pueblo de Guerrero, priorizando a la ciudadan\u00eda como el principal centro de atenci\u00f3n, bajo una estrategia de seguridad que tiene como primicia el respeto irrestricto a los derechos humanos.<\/p>\n\n\n\n<p>\u00abRatificamos nuestro compromiso de velar por la seguridad, el bienestar y el desarrollo de los guerrerenses. Aprovecho para reconocer el valioso apoyo de la gobernadora Evelyn Salgado Pineda para cumplir de manera destacada nuestras misiones asignadas en un ambiente de paz, de tranquilidad y de coordinaci\u00f3n con una visi\u00f3n de humanismo, se\u00f1ora gobernadora, siempre contar\u00e1 con nosotros\u00bb, refrend\u00f3 el comandante de la Novena Regi\u00f3n Militar en Guerrero.<\/p>\n\n\n\n<p>Al celebrar el 110 Aniversario del Ej\u00e9rcito Mexicano, con los representantes de los tres poderes del estado presentes, as\u00ed como mandos castrenses, se otorgaron ascensos extraordinarios y reconocimientos al personal militar por su dedicaci\u00f3n, esfuerzo y profesionalismo, demostrado en actos de servicio.<\/p>\n\n\n\n<p>El evento fue amenizado por la Banda Musical de la Novena Regi\u00f3n Militar, asistieron la presidentes la Presidenta de la Mesa Directiva del Congreso del Estado, Yanelly Hern\u00e1ndez Mart\u00ednez; el Presidente del Tribunal de Justicia, Raymundo Casarrubias V\u00e1zquez; el senador F\u00e9lix Salgado Macedonio; la alcaldesa de Chilpancingo, Norma Otilia Hern\u00e1ndez Mart\u00ednez; el comandante de la 35 Zona Militar, Enrique Mart\u00ednez L\u00f3pez y la Presidenta de la Comisi\u00f3n de Derechos Humanos del estado, Cecilia Narciso Gayt\u00e1n, entre otros.<\/p>\n\n\n\n<figure class=\"wp-block-gallery columns-2 is-cropped wp-block-gallery-1 is-layout-flex wp-block-gallery-is-layout-flex\"><ul class=\"blocks-gallery-grid\"><li class=\"blocks-gallery-item\"><figure><img decoding=\"async\" src=\"data:image\/gif;base64,R0lGODlhAQABAIAAAAAAAP\/\/\/ywAAAAAAQABAAACAUwAOw==\" fifu-lazy=\"1\" fifu-data-sizes=\"auto\" fifu-data-srcset=\"https:\/\/i1.wp.com\/interaccionnoticias.com.mx\/wp-content\/uploads\/2023\/02\/230219-Evelyn-Salgado-1-1024x728.jpg?ssl=1&w=75&resize=75&ssl=1 75w, https:\/\/i1.wp.com\/interaccionnoticias.com.mx\/wp-content\/uploads\/2023\/02\/230219-Evelyn-Salgado-1-1024x728.jpg?ssl=1&w=100&resize=100&ssl=1 100w, https:\/\/i1.wp.com\/interaccionnoticias.com.mx\/wp-content\/uploads\/2023\/02\/230219-Evelyn-Salgado-1-1024x728.jpg?ssl=1&w=150&resize=150&ssl=1 150w, https:\/\/i1.wp.com\/interaccionnoticias.com.mx\/wp-content\/uploads\/2023\/02\/230219-Evelyn-Salgado-1-1024x728.jpg?ssl=1&w=240&resize=240&ssl=1 240w, https:\/\/i1.wp.com\/interaccionnoticias.com.mx\/wp-content\/uploads\/2023\/02\/230219-Evelyn-Salgado-1-1024x728.jpg?ssl=1&w=320&resize=320&ssl=1 320w, https:\/\/i1.wp.com\/interaccionnoticias.com.mx\/wp-content\/uploads\/2023\/02\/230219-Evelyn-Salgado-1-1024x728.jpg?ssl=1&w=500&resize=500&ssl=1 500w, https:\/\/i1.wp.com\/interaccionnoticias.com.mx\/wp-content\/uploads\/2023\/02\/230219-Evelyn-Salgado-1-1024x728.jpg?ssl=1&w=640&resize=640&ssl=1 640w, https:\/\/i1.wp.com\/interaccionnoticias.com.mx\/wp-content\/uploads\/2023\/02\/230219-Evelyn-Salgado-1-1024x728.jpg?ssl=1&w=800&resize=800&ssl=1 800w, https:\/\/i1.wp.com\/interaccionnoticias.com.mx\/wp-content\/uploads\/2023\/02\/230219-Evelyn-Salgado-1-1024x728.jpg?ssl=1&w=1024&resize=1024&ssl=1 1024w, https:\/\/i1.wp.com\/interaccionnoticias.com.mx\/wp-content\/uploads\/2023\/02\/230219-Evelyn-Salgado-1-1024x728.jpg?ssl=1&w=1280&resize=1280&ssl=1 1280w, https:\/\/i1.wp.com\/interaccionnoticias.com.mx\/wp-content\/uploads\/2023\/02\/230219-Evelyn-Salgado-1-1024x728.jpg?ssl=1&w=1600&resize=1600&ssl=1 1600w\" fifu-data-src=\"https:\/\/i1.wp.com\/interaccionnoticias.com.mx\/wp-content\/uploads\/2023\/02\/230219-Evelyn-Salgado-1-1024x728.jpg?ssl=1\" alt=\"\" data-id=\"57863\" data-full-url=\"https:\/\/interaccionnoticias.com.mx\/wp-content\/uploads\/2023\/02\/230219-Evelyn-Salgado-1.jpg\" data-link=\"https:\/\/interaccionnoticias.com.mx\/?attachment_id=57863\" class=\"wp-image-57863\"\/><\/figure><\/li><li class=\"blocks-gallery-item\"><figure><img decoding=\"async\" src=\"data:image\/gif;base64,R0lGODlhAQABAIAAAAAAAP\/\/\/ywAAAAAAQABAAACAUwAOw==\" fifu-lazy=\"1\" fifu-data-sizes=\"auto\" fifu-data-srcset=\"https:\/\/i2.wp.com\/interaccionnoticias.com.mx\/wp-content\/uploads\/2023\/02\/230219-Evelyn-Salgado-2-1024x728.jpg?ssl=1&w=75&resize=75&ssl=1 75w, https:\/\/i2.wp.com\/interaccionnoticias.com.mx\/wp-content\/uploads\/2023\/02\/230219-Evelyn-Salgado-2-1024x728.jpg?ssl=1&w=100&resize=100&ssl=1 100w, https:\/\/i2.wp.com\/interaccionnoticias.com.mx\/wp-content\/uploads\/2023\/02\/230219-Evelyn-Salgado-2-1024x728.jpg?ssl=1&w=150&resize=150&ssl=1 150w, https:\/\/i2.wp.com\/interaccionnoticias.com.mx\/wp-content\/uploads\/2023\/02\/230219-Evelyn-Salgado-2-1024x728.jpg?ssl=1&w=240&resize=240&ssl=1 240w, https:\/\/i2.wp.com\/interaccionnoticias.com.mx\/wp-content\/uploads\/2023\/02\/230219-Evelyn-Salgado-2-1024x728.jpg?ssl=1&w=320&resize=320&ssl=1 320w, https:\/\/i2.wp.com\/interaccionnoticias.com.mx\/wp-content\/uploads\/2023\/02\/230219-Evelyn-Salgado-2-1024x728.jpg?ssl=1&w=500&resize=500&ssl=1 500w, https:\/\/i2.wp.com\/interaccionnoticias.com.mx\/wp-content\/uploads\/2023\/02\/230219-Evelyn-Salgado-2-1024x728.jpg?ssl=1&w=640&resize=640&ssl=1 640w, https:\/\/i2.wp.com\/interaccionnoticias.com.mx\/wp-content\/uploads\/2023\/02\/230219-Evelyn-Salgado-2-1024x728.jpg?ssl=1&w=800&resize=800&ssl=1 800w, https:\/\/i2.wp.com\/interaccionnoticias.com.mx\/wp-content\/uploads\/2023\/02\/230219-Evelyn-Salgado-2-1024x728.jpg?ssl=1&w=1024&resize=1024&ssl=1 1024w, https:\/\/i2.wp.com\/interaccionnoticias.com.mx\/wp-content\/uploads\/2023\/02\/230219-Evelyn-Salgado-2-1024x728.jpg?ssl=1&w=1280&resize=1280&ssl=1 1280w, https:\/\/i2.wp.com\/interaccionnoticias.com.mx\/wp-content\/uploads\/2023\/02\/230219-Evelyn-Salgado-2-1024x728.jpg?ssl=1&w=1600&resize=1600&ssl=1 1600w\" fifu-data-src=\"https:\/\/i2.wp.com\/interaccionnoticias.com.mx\/wp-content\/uploads\/2023\/02\/230219-Evelyn-Salgado-2-1024x728.jpg?ssl=1\" alt=\"\" data-id=\"57864\" data-full-url=\"https:\/\/interaccionnoticias.com.mx\/wp-content\/uploads\/2023\/02\/230219-Evelyn-Salgado-2.jpg\" data-link=\"https:\/\/interaccionnoticias.com.mx\/?attachment_id=57864\" class=\"wp-image-57864\"\/><\/figure><\/li><\/ul><\/figure>\n","protected":false},"excerpt":{"rendered":"<p>&#8212; Asiste la gobernadora a la conmemoraci\u00f3n del 110 Aniversario del Ej\u00e9rcito Mexicano en Chilpancingo&#8212; Refrenda Ej\u00e9rcito respaldo a la titular del Ejecutivo estatal y compromiso incondicional con el pueblo&hellip; <\/p>\n","protected":false},"author":19,"featured_media":57864,"comment_status":"open","ping_status":"open","sticky":false,"template":"","format":"standard","meta":{"fifu_image_url":"","fifu_image_alt":"","footnotes":""},"categories":[11],"tags":[],"class_list":["post-57862","post","type-post","status-publish","format-standard","has-post-thumbnail","hentry","category-guerrero"],"_links":{"self":[{"href":"https:\/\/www.interaccionnoticias.com.mx\/index.php?rest_route=\/wp\/v2\/posts\/57862","targetHints":{"allow":["GET"]}}],"collection":[{"href":"https:\/\/www.interaccionnoticias.com.mx\/index.php?rest_route=\/wp\/v2\/posts"}],"about":[{"href":"https:\/\/www.interaccionnoticias.com.mx\/index.php?rest_route=\/wp\/v2\/types\/post"}],"author":[{"embeddable":true,"href":"https:\/\/www.interaccionnoticias.com.mx\/index.php?rest_route=\/wp\/v2\/users\/19"}],"replies":[{"embeddable":true,"href":"https:\/\/www.interaccionnoticias.com.mx\/index.php?rest_route=%2Fwp%2Fv2%2Fcomments&post=57862"}],"version-history":[{"count":1,"href":"https:\/\/www.interaccionnoticias.com.mx\/index.php?rest_route=\/wp\/v2\/posts\/57862\/revisions"}],"predecessor-version":[{"id":57865,"href":"https:\/\/www.interaccionnoticias.com.mx\/index.php?rest_route=\/wp\/v2\/posts\/57862\/revisions\/57865"}],"wp:featuredmedia":[{"embeddable":true,"href":"https:\/\/www.interaccionnoticias.com.mx\/index.php?rest_route=\/wp\/v2\/media\/57864"}],"wp:attachment":[{"href":"https:\/\/www.interaccionnoticias.com.mx\/index.php?rest_route=%2Fwp%2Fv2%2Fmedia&parent=57862"}],"wp:term":[{"taxonomy":"category","embeddable":true,"href":"https:\/\/www.interaccionnoticias.com.mx\/index.php?rest_route=%2Fwp%2Fv2%2Fcategories&post=57862"},{"taxonomy":"post_tag","embeddable":true,"href":"https:\/\/www.interaccionnoticias.com.mx\/index.php?rest_route=%2Fwp%2Fv2%2Ftags&post=57862"}],"curies":[{"name":"wp","href":"https:\/\/api.w.org\/{rel}","templated":true}]}}