{"id":57859,"date":"2023-02-19T16:51:59","date_gmt":"2023-02-19T22:51:59","guid":{"rendered":"https:\/\/interaccionnoticias.com.mx\/?p=57859"},"modified":"2023-02-19T16:52:04","modified_gmt":"2023-02-19T22:52:04","slug":"reune-a-cientos-el-encuentro-por-el-futuro-de-guerrero-en-chilpancingo","status":"publish","type":"post","link":"https:\/\/www.interaccionnoticias.com.mx\/?p=57859","title":{"rendered":"Re\u00fane a cientos el Encuentro por el futuro de Guerrero en Chilpancingo"},"content":{"rendered":"\n<p><strong><em>&#8212; Crece cada d\u00eda el apoyo en la regi\u00f3n centro por Marcelo Ebrard Casaub\u00f3n<\/em><\/strong><\/p>\n\n\n\n<p><strong>Chilpancingo, Gro; a 18 de febrero de 2023.-<\/strong> Con una evidente muestra de fraternidad y coordinaci\u00f3n entre las expresiones de apoyo al proyecto de Marcelo Ebrard en la entidad, se realiz\u00f3 el foro Encuentros para el futuro de Guerrero en la capital del estado con una asistencia multitudinaria de ciudadanos de Chilpancingo y pobladores de los municipios cercanos y m\u00e1s importantes de la regi\u00f3n centro.<\/p>\n\n\n\n<p>El evento realizado en el conocido sal\u00f3n Cuicalli y encabezado por el ex senador de la rep\u00fablica Luis Walton Aburto, reuni\u00f3 a cientos de simpatizantes del proyecto del carnal Marcelo y a por lo menos cinco de las expresiones nacionales que respaldan a Ebrard Casaub\u00f3n en la entidad, como Guerrero con Marcelo, Morena Progresista, Benem\u00e9rito Ju\u00e1rez Siglo XXI, Movimiento Progresista y Avanzada Nacional; as\u00ed como diputados y regidores.<\/p>\n\n\n\n<p>En el octavo foro ciudadano que se realiza en Guerrero, diversos ponentes de la sociedad civil identificaron las prioridades de la regi\u00f3n centro del estado que describen las problem\u00e1ticas m\u00e1s urgentes, pero tambi\u00e9n las acciones o propuestas que consideran necesarias para su soluci\u00f3n, como: desarrollo rural y ecoturismo, la violencia de g\u00e9nero en ni\u00f1as, adolescentes y mujeres, el empoderamiento y apoyo a los j\u00f3venes empresarios en Guerrero, as\u00ed como la alarmante escasez de agua en Chilpancingo y un adecuado manejo de los residuos s\u00f3lidos y el tratamiento de los lixiviados.<\/p>\n\n\n\n<p>Pero adem\u00e1s en cada una de las ponencias, coincidieron en la necesidad de seguir trabajando en el combate a la corrupci\u00f3n, atender el serio problema de inseguridad y violencia que se vive en la regi\u00f3n y todo Guerrero, pero particularmente en el caso de las mujeres pues el estado ocupa el lugar 22 en feminicidios y tan s\u00f3lo en lo que va del 2023 se tiene registrados oficialmente 8 muertes violentas de f\u00e9minas, tal como lo expres\u00f3 la licenciada Martha Wendy Reza Ojeda en su ponencia en el foro.<\/p>\n\n\n\n<p>Tambi\u00e9n participaron en este Encuentros por el futuro de Guerrero los ciudadanos, \u00c1ngel Yahel Salgado, Orlando V\u00e1zquez Calzada, Alfredo S\u00e1nchez, Freddy Fern\u00e1ndez Mej\u00eda y David Aguilar.<\/p>\n\n\n\n<p>En su oportunidad el enlace estatal, Luis Walton Aburto record\u00f3 que la importancia de estos foros ciudadanos tal como lo ha manifestado el carnal Marcelo Ebrard es escuchar los planteamientos en cada uno de los nueve distritos electorales y todas las regiones de la entidad porque est\u00e1n convencidos que para poder realizar cualquier plan de gobierno o estrategia gubernamental es necesario hacerlo de abajo hacia arriba, escuchando a la gente y no sentados desde un escritorio.<\/p>\n\n\n\n<p>En este Encuentro por el futuro en Chilpancingo estuvieron presentes, la diputada federal, Aracely Ocampo Manzanarez, Alberto L\u00f3pez Rosas, Edilberto Arizmendi Amores, Julissa Karina Abarca, Arquelao de la Cruz, Magdalena Camacho, as\u00ed como los diputados locales Alfredo S\u00e1nchez Esquivel, Jessica Rayo, Macedonio Mendoza, el regidor Luis Alberto T\u00e9llez, Efra\u00edn Ramos, Galdino Nava, Pioquinto Dami\u00e1n Huato, entre otros.<\/p>\n","protected":false},"excerpt":{"rendered":"<p>&#8212; Crece cada d\u00eda el apoyo en la regi\u00f3n centro por Marcelo Ebrard Casaub\u00f3n Chilpancingo, Gro; a 18 de febrero de 2023.- Con una evidente muestra de fraternidad y coordinaci\u00f3n&hellip; <\/p>\n","protected":false},"author":19,"featured_media":57860,"comment_status":"open","ping_status":"open","sticky":false,"template":"","format":"standard","meta":{"fifu_image_url":"","fifu_image_alt":"","footnotes":""},"categories":[18],"tags":[],"class_list":["post-57859","post","type-post","status-publish","format-standard","has-post-thumbnail","hentry","category-partidos-politicos"],"_links":{"self":[{"href":"https:\/\/www.interaccionnoticias.com.mx\/index.php?rest_route=\/wp\/v2\/posts\/57859","targetHints":{"allow":["GET"]}}],"collection":[{"href":"https:\/\/www.interaccionnoticias.com.mx\/index.php?rest_route=\/wp\/v2\/posts"}],"about":[{"href":"https:\/\/www.interaccionnoticias.com.mx\/index.php?rest_route=\/wp\/v2\/types\/post"}],"author":[{"embeddable":true,"href":"https:\/\/www.interaccionnoticias.com.mx\/index.php?rest_route=\/wp\/v2\/users\/19"}],"replies":[{"embeddable":true,"href":"https:\/\/www.interaccionnoticias.com.mx\/index.php?rest_route=%2Fwp%2Fv2%2Fcomments&post=57859"}],"version-history":[{"count":1,"href":"https:\/\/www.interaccionnoticias.com.mx\/index.php?rest_route=\/wp\/v2\/posts\/57859\/revisions"}],"predecessor-version":[{"id":57861,"href":"https:\/\/www.interaccionnoticias.com.mx\/index.php?rest_route=\/wp\/v2\/posts\/57859\/revisions\/57861"}],"wp:featuredmedia":[{"embeddable":true,"href":"https:\/\/www.interaccionnoticias.com.mx\/index.php?rest_route=\/wp\/v2\/media\/57860"}],"wp:attachment":[{"href":"https:\/\/www.interaccionnoticias.com.mx\/index.php?rest_route=%2Fwp%2Fv2%2Fmedia&parent=57859"}],"wp:term":[{"taxonomy":"category","embeddable":true,"href":"https:\/\/www.interaccionnoticias.com.mx\/index.php?rest_route=%2Fwp%2Fv2%2Fcategories&post=57859"},{"taxonomy":"post_tag","embeddable":true,"href":"https:\/\/www.interaccionnoticias.com.mx\/index.php?rest_route=%2Fwp%2Fv2%2Ftags&post=57859"}],"curies":[{"name":"wp","href":"https:\/\/api.w.org\/{rel}","templated":true}]}}