{"id":57854,"date":"2023-02-19T13:43:32","date_gmt":"2023-02-19T19:43:32","guid":{"rendered":"https:\/\/interaccionnoticias.com.mx\/?p=57854"},"modified":"2023-02-19T13:43:36","modified_gmt":"2023-02-19T19:43:36","slug":"asiste-abelina-lopez-al-aniversario-del-ejercito-mexicano","status":"publish","type":"post","link":"https:\/\/www.interaccionnoticias.com.mx\/?p=57854","title":{"rendered":"Asiste Abelina L\u00f3pez, al Aniversario del Ej\u00e9rcito Mexicano"},"content":{"rendered":"\n<p><strong><em>\u00abDetr\u00e1s de cada uniforme hay un ser humano\u00bb, por lo que se debe valorar el trabajo que realizan, expres\u00f3 la alcaldesa<\/em><\/strong><\/p>\n\n\n\n<p><strong>Acapulco, Gro., 19 de febrero de 2023.- <\/strong>Al participar en la ceremonia por la conmemoraci\u00f3n del CX Aniversario del D\u00eda del Ej\u00e9rcito Mexicano, la presidenta municipal, Abelina L\u00f3pez Rodr\u00edguez, reconoci\u00f3 la labor de los hombres y mujeres que pertenecen a la instituci\u00f3n y quienes anteponen el servicio a la patria por encima de su propia vida.<\/p>\n\n\n\n<p>En las instalaciones de la Novena Regi\u00f3n Militar, la alcaldesa expres\u00f3: \u00abvaya para ustedes, mi noble reconocimiento, desde la profundidad de mi ser, vaya para ustedes, mi reconocimiento a su labor que desarrollan d\u00eda a d\u00eda\u201d.<\/p>\n\n\n\n<p>Abelina L\u00f3pez, afirm\u00f3 que detr\u00e1s de cada uniforme hay un ser humano con familia, por lo que reflexion\u00f3 sobre la importancia de visibilizar y valorar el trabajo que realizan los oficiales.<\/p>\n\n\n\n<p>Por su parte, el comandante de la 27 Zona Militar, Roberto P\u00e9rez Ceja, se\u00f1al\u00f3 que el Ej\u00e9rcito es una instituci\u00f3n s\u00f3lida, que ha ampliado y modernizado su infraestructura a la par de las exigencias actuales.<\/p>\n\n\n\n<p>\u201cCompa\u00f1eros de armas, nos corresponde seguir velando con los intereses de la patria, seguir velando por la estabilidad y el bienestar de los mexicanos. Somos soldados de la patria, poseedores de una disciplina ejemplar y baluartes de la legalidad, institucionalidad, defensa de la soberan\u00eda y servicio a la sociedad\u201d, afirm\u00f3.<\/p>\n\n\n\n<p>Durante el evento las autoridades entregaron insignias y ascensos.<\/p>\n\n\n\n<p>Asistieron, el jefe de Estado Mayor de la Novena Regi\u00f3n Militar, Andr\u00e9s Valencia Valencia; el comandante del 56 Batall\u00f3n de Infanter\u00eda, Diego Antonio Ch\u00e1vez Alcaraz; el comandante de la Base A\u00e9rea Militar n\u00famero 7, Rub\u00e9n S\u00e1nchez Peralta; el inspector de la D\u00e9cimo Segunda Regi\u00f3n Naval, Pablo David Cruz S\u00e1nchez; el director del Hospital Militar Regional Acapulco, H\u00e9ctor Faustino Noyola Villalobos y el oficial Joaqu\u00edn Gonz\u00e1lez Contreras, en representaci\u00f3n del coordinador de la Guardia Nacional en Guerrero.<\/p>\n\n\n\n<figure class=\"wp-block-gallery columns-2 is-cropped wp-block-gallery-1 is-layout-flex wp-block-gallery-is-layout-flex\"><ul class=\"blocks-gallery-grid\"><li class=\"blocks-gallery-item\"><figure><img decoding=\"async\" src=\"data:image\/gif;base64,R0lGODlhAQABAIAAAAAAAP\/\/\/ywAAAAAAQABAAACAUwAOw==\" fifu-lazy=\"1\" fifu-data-sizes=\"auto\" fifu-data-srcset=\"https:\/\/i0.wp.com\/interaccionnoticias.com.mx\/wp-content\/uploads\/2023\/02\/230219-Abelina-Lopez-1-1024x683.jpg?ssl=1&w=75&resize=75&ssl=1 75w, https:\/\/i0.wp.com\/interaccionnoticias.com.mx\/wp-content\/uploads\/2023\/02\/230219-Abelina-Lopez-1-1024x683.jpg?ssl=1&w=100&resize=100&ssl=1 100w, https:\/\/i0.wp.com\/interaccionnoticias.com.mx\/wp-content\/uploads\/2023\/02\/230219-Abelina-Lopez-1-1024x683.jpg?ssl=1&w=150&resize=150&ssl=1 150w, https:\/\/i0.wp.com\/interaccionnoticias.com.mx\/wp-content\/uploads\/2023\/02\/230219-Abelina-Lopez-1-1024x683.jpg?ssl=1&w=240&resize=240&ssl=1 240w, https:\/\/i0.wp.com\/interaccionnoticias.com.mx\/wp-content\/uploads\/2023\/02\/230219-Abelina-Lopez-1-1024x683.jpg?ssl=1&w=320&resize=320&ssl=1 320w, https:\/\/i0.wp.com\/interaccionnoticias.com.mx\/wp-content\/uploads\/2023\/02\/230219-Abelina-Lopez-1-1024x683.jpg?ssl=1&w=500&resize=500&ssl=1 500w, https:\/\/i0.wp.com\/interaccionnoticias.com.mx\/wp-content\/uploads\/2023\/02\/230219-Abelina-Lopez-1-1024x683.jpg?ssl=1&w=640&resize=640&ssl=1 640w, https:\/\/i0.wp.com\/interaccionnoticias.com.mx\/wp-content\/uploads\/2023\/02\/230219-Abelina-Lopez-1-1024x683.jpg?ssl=1&w=800&resize=800&ssl=1 800w, https:\/\/i0.wp.com\/interaccionnoticias.com.mx\/wp-content\/uploads\/2023\/02\/230219-Abelina-Lopez-1-1024x683.jpg?ssl=1&w=1024&resize=1024&ssl=1 1024w, https:\/\/i0.wp.com\/interaccionnoticias.com.mx\/wp-content\/uploads\/2023\/02\/230219-Abelina-Lopez-1-1024x683.jpg?ssl=1&w=1280&resize=1280&ssl=1 1280w, https:\/\/i0.wp.com\/interaccionnoticias.com.mx\/wp-content\/uploads\/2023\/02\/230219-Abelina-Lopez-1-1024x683.jpg?ssl=1&w=1600&resize=1600&ssl=1 1600w\" fifu-data-src=\"https:\/\/i0.wp.com\/interaccionnoticias.com.mx\/wp-content\/uploads\/2023\/02\/230219-Abelina-Lopez-1-1024x683.jpg?ssl=1\" alt=\"\" data-id=\"57856\" data-full-url=\"https:\/\/interaccionnoticias.com.mx\/wp-content\/uploads\/2023\/02\/230219-Abelina-Lopez-1.jpg\" data-link=\"https:\/\/interaccionnoticias.com.mx\/?attachment_id=57856\" class=\"wp-image-57856\"\/><\/figure><\/li><li class=\"blocks-gallery-item\"><figure><img decoding=\"async\" src=\"data:image\/gif;base64,R0lGODlhAQABAIAAAAAAAP\/\/\/ywAAAAAAQABAAACAUwAOw==\" fifu-lazy=\"1\" fifu-data-sizes=\"auto\" fifu-data-srcset=\"https:\/\/i3.wp.com\/interaccionnoticias.com.mx\/wp-content\/uploads\/2023\/02\/230219-Abelina-Lopez-2-1024x683.jpg?ssl=1&w=75&resize=75&ssl=1 75w, https:\/\/i3.wp.com\/interaccionnoticias.com.mx\/wp-content\/uploads\/2023\/02\/230219-Abelina-Lopez-2-1024x683.jpg?ssl=1&w=100&resize=100&ssl=1 100w, https:\/\/i3.wp.com\/interaccionnoticias.com.mx\/wp-content\/uploads\/2023\/02\/230219-Abelina-Lopez-2-1024x683.jpg?ssl=1&w=150&resize=150&ssl=1 150w, https:\/\/i3.wp.com\/interaccionnoticias.com.mx\/wp-content\/uploads\/2023\/02\/230219-Abelina-Lopez-2-1024x683.jpg?ssl=1&w=240&resize=240&ssl=1 240w, https:\/\/i3.wp.com\/interaccionnoticias.com.mx\/wp-content\/uploads\/2023\/02\/230219-Abelina-Lopez-2-1024x683.jpg?ssl=1&w=320&resize=320&ssl=1 320w, https:\/\/i3.wp.com\/interaccionnoticias.com.mx\/wp-content\/uploads\/2023\/02\/230219-Abelina-Lopez-2-1024x683.jpg?ssl=1&w=500&resize=500&ssl=1 500w, https:\/\/i3.wp.com\/interaccionnoticias.com.mx\/wp-content\/uploads\/2023\/02\/230219-Abelina-Lopez-2-1024x683.jpg?ssl=1&w=640&resize=640&ssl=1 640w, https:\/\/i3.wp.com\/interaccionnoticias.com.mx\/wp-content\/uploads\/2023\/02\/230219-Abelina-Lopez-2-1024x683.jpg?ssl=1&w=800&resize=800&ssl=1 800w, https:\/\/i3.wp.com\/interaccionnoticias.com.mx\/wp-content\/uploads\/2023\/02\/230219-Abelina-Lopez-2-1024x683.jpg?ssl=1&w=1024&resize=1024&ssl=1 1024w, https:\/\/i3.wp.com\/interaccionnoticias.com.mx\/wp-content\/uploads\/2023\/02\/230219-Abelina-Lopez-2-1024x683.jpg?ssl=1&w=1280&resize=1280&ssl=1 1280w, https:\/\/i3.wp.com\/interaccionnoticias.com.mx\/wp-content\/uploads\/2023\/02\/230219-Abelina-Lopez-2-1024x683.jpg?ssl=1&w=1600&resize=1600&ssl=1 1600w\" fifu-data-src=\"https:\/\/i3.wp.com\/interaccionnoticias.com.mx\/wp-content\/uploads\/2023\/02\/230219-Abelina-Lopez-2-1024x683.jpg?ssl=1\" alt=\"\" data-id=\"57855\" data-full-url=\"https:\/\/interaccionnoticias.com.mx\/wp-content\/uploads\/2023\/02\/230219-Abelina-Lopez-2.jpg\" data-link=\"https:\/\/interaccionnoticias.com.mx\/?attachment_id=57855\" class=\"wp-image-57855\"\/><\/figure><\/li><\/ul><\/figure>\n","protected":false},"excerpt":{"rendered":"<p>\u00abDetr\u00e1s de cada uniforme hay un ser humano\u00bb, por lo que se debe valorar el trabajo que realizan, expres\u00f3 la alcaldesa Acapulco, Gro., 19 de febrero de 2023.- Al participar&hellip; <\/p>\n","protected":false},"author":19,"featured_media":57857,"comment_status":"open","ping_status":"open","sticky":false,"template":"","format":"standard","meta":{"fifu_image_url":"","fifu_image_alt":"","footnotes":""},"categories":[242],"tags":[],"class_list":["post-57854","post","type-post","status-publish","format-standard","has-post-thumbnail","hentry","category-acapulco"],"_links":{"self":[{"href":"https:\/\/www.interaccionnoticias.com.mx\/index.php?rest_route=\/wp\/v2\/posts\/57854","targetHints":{"allow":["GET"]}}],"collection":[{"href":"https:\/\/www.interaccionnoticias.com.mx\/index.php?rest_route=\/wp\/v2\/posts"}],"about":[{"href":"https:\/\/www.interaccionnoticias.com.mx\/index.php?rest_route=\/wp\/v2\/types\/post"}],"author":[{"embeddable":true,"href":"https:\/\/www.interaccionnoticias.com.mx\/index.php?rest_route=\/wp\/v2\/users\/19"}],"replies":[{"embeddable":true,"href":"https:\/\/www.interaccionnoticias.com.mx\/index.php?rest_route=%2Fwp%2Fv2%2Fcomments&post=57854"}],"version-history":[{"count":1,"href":"https:\/\/www.interaccionnoticias.com.mx\/index.php?rest_route=\/wp\/v2\/posts\/57854\/revisions"}],"predecessor-version":[{"id":57858,"href":"https:\/\/www.interaccionnoticias.com.mx\/index.php?rest_route=\/wp\/v2\/posts\/57854\/revisions\/57858"}],"wp:featuredmedia":[{"embeddable":true,"href":"https:\/\/www.interaccionnoticias.com.mx\/index.php?rest_route=\/wp\/v2\/media\/57857"}],"wp:attachment":[{"href":"https:\/\/www.interaccionnoticias.com.mx\/index.php?rest_route=%2Fwp%2Fv2%2Fmedia&parent=57854"}],"wp:term":[{"taxonomy":"category","embeddable":true,"href":"https:\/\/www.interaccionnoticias.com.mx\/index.php?rest_route=%2Fwp%2Fv2%2Fcategories&post=57854"},{"taxonomy":"post_tag","embeddable":true,"href":"https:\/\/www.interaccionnoticias.com.mx\/index.php?rest_route=%2Fwp%2Fv2%2Ftags&post=57854"}],"curies":[{"name":"wp","href":"https:\/\/api.w.org\/{rel}","templated":true}]}}