{"id":57827,"date":"2023-02-18T19:32:14","date_gmt":"2023-02-19T01:32:14","guid":{"rendered":"https:\/\/interaccionnoticias.com.mx\/?p=57827"},"modified":"2023-02-18T19:32:19","modified_gmt":"2023-02-19T01:32:19","slug":"liberan-de-autodefensas-la-carretera-mexico-acapulco","status":"publish","type":"post","link":"https:\/\/www.interaccionnoticias.com.mx\/?p=57827","title":{"rendered":"Liberan de autodefensas la carretera M\u00e9xico-Acapulco"},"content":{"rendered":"\n<p><strong><em>&#8212; Durante una d\u00e9cada, la carretera tuvo retenes de civiles armados desde Rinc\u00f3n de la V\u00eda, Buenavista, Ocotito y Tierra Colorada<br>&#8212; Quitan de la v\u00eda de comunicaci\u00f3n a la UPOEG, CRAC-PF y al FUSDEG<br>&#8212; Polic\u00eda del Estado, Guardia Nacional y el Ej\u00e9rcito Mexicano asumen el control del corredor geogr\u00e1fico<\/em><\/strong><\/p>\n\n\n\n<p><strong>Jes\u00fas Dorantes<\/strong><\/p>\n\n\n\n<p><strong>Chilpancingo, Gro.-<\/strong> En un operativo conjunto, personal del Ej\u00e9rcito Mexicano, Polic\u00edas Estatales, Guardia Nacional y la Fiscal\u00eda General del Estado (FGE) liberaron la carretera federal M\u00e9xico-Acapulco de los retenes de grupos de autodefensa que permanec\u00edan desde el a\u00f1o 2013.<\/p>\n\n\n\n<p>Las autoridades reconocen el saldo de 14 civiles detenidos en distintos puntos, se aseguraron armas y algunas dos\u00eds de droga, pero no hubo enfrentamientos.<\/p>\n\n\n\n<p>En el balance general de las corporaciones legalmente establecidas, el operativo realizado la madrugada de este s\u00e1bado fue limpio, porque no hubo lesionados ni p\u00e9rdida de vidas humanas.<\/p>\n\n\n\n<p>V\u00eda comunicado, la Mesa Central para la Construcci\u00f3n de Paz, inform\u00f3 que antes del mediod\u00eda del s\u00e1bado, ya se hab\u00eda tomado el control y restablecido el tr\u00e1nsito en la carretera federal M\u00e9xico-Acapulco.<\/p>\n\n\n\n<p>Desde Rinc\u00f3n de la V\u00eda, Buenavista de la Salud y Tierra Colorada la vialidad estaba en control de las autoridades.<\/p>\n\n\n\n<p>Dicho tramo estuvo en poder de por lo menos tres grupos de civiles armados desde finales de 2013.<\/p>\n\n\n\n<p>En el escrito oficial, difundido la jornada del 18 de febrero se confirm\u00f3 la detenci\u00f3n de 8 civiles en la comunidad de Buenavista de la Salud de Chilpancingo y seis m\u00e1s (entre ellos dos mujeres) en la Tierra Colorada, cabecera municipal de Juan R. Escudero, los cuales fueron puestos a disposici\u00f3n del Ministerio P\u00fablico.<\/p>\n\n\n\n<p>Se decomisaron 5 veh\u00edculos con reporte de robo; 18 armas largas, un arma corta, 2 granadas de fragmentaci\u00f3n, una de humo, una 40 mm y un artefacto explosivo, as\u00ed como 15 tel\u00e9fonos y 60 dosis de cristal.<\/p>\n\n\n\n<p>En 2013, a Tierra Colorada llegaron por lo menos mil hombres armados liderados por Bruno Pl\u00e1cido Valerio, principal dirigente de la Uni\u00f3n de Pueblos y Organizaciones del Estado de Guerrero (UPOEG).<\/p>\n\n\n\n<p>Tierra Colorada era un municipio en donde el sector comercio estaba sometido por la delincuencia organizada, de tal suerte que la llegada de la autodefensa liderada por la UPOEG fue bien recibida por los lugare\u00f1os.<\/p>\n\n\n\n<p>Para finales de ese a\u00f1o el movimiento se extendi\u00f3 hacia los pueblos del Valle de Chilpancingo, prinicipalmente en Ocotito; Buenavista, Dos Caminos, Cajeles, Cajelitos, Rinc\u00f3n de la V\u00eda y Mohoneras.<\/p>\n\n\n\n<p>En 2014, tras una confrontaci\u00f3n interna la UPOEG se dividi\u00f3 y surgi\u00f3 el Frente Unido por la Seguridad y el Desarrollo del Estado de Guerrero (FUSDEG), cuya base social se estableci\u00f3 principalmente en Tierra Colorada.<\/p>\n\n\n\n<p>A principios de 2023, luego de varios ataques del crimen organizado a la UPOEG, los integrantes de la autodefensa de Buenavista se sumaron a las filas de la Polic\u00eda Comunitaria de los Pueblos Fundadores (CRAC-PF), por lo que modificaron los rotulos de su base de operaciones.<\/p>\n\n\n\n<p>Este s\u00e1bado, la SEDENA, GN, SSP y la FGE desplazaron a las c\u00e9lulas que la UPOEG, FUSDEG y CRAC-PF manten\u00edan en la carretera federal que comunica a Chilpancingo con el puerto de Acapulco.<br><\/p>\n\n\n\n<figure class=\"wp-block-gallery columns-2 is-cropped wp-block-gallery-1 is-layout-flex wp-block-gallery-is-layout-flex\"><ul class=\"blocks-gallery-grid\"><li class=\"blocks-gallery-item\"><figure><img decoding=\"async\" src=\"data:image\/gif;base64,R0lGODlhAQABAIAAAAAAAP\/\/\/ywAAAAAAQABAAACAUwAOw==\" fifu-lazy=\"1\" fifu-data-sizes=\"auto\" fifu-data-srcset=\"https:\/\/i1.wp.com\/interaccionnoticias.com.mx\/wp-content\/uploads\/2023\/02\/230218-liberaron-la-carretera-1-1024x683.jpg?ssl=1&w=75&resize=75&ssl=1 75w, https:\/\/i1.wp.com\/interaccionnoticias.com.mx\/wp-content\/uploads\/2023\/02\/230218-liberaron-la-carretera-1-1024x683.jpg?ssl=1&w=100&resize=100&ssl=1 100w, https:\/\/i1.wp.com\/interaccionnoticias.com.mx\/wp-content\/uploads\/2023\/02\/230218-liberaron-la-carretera-1-1024x683.jpg?ssl=1&w=150&resize=150&ssl=1 150w, https:\/\/i1.wp.com\/interaccionnoticias.com.mx\/wp-content\/uploads\/2023\/02\/230218-liberaron-la-carretera-1-1024x683.jpg?ssl=1&w=240&resize=240&ssl=1 240w, https:\/\/i1.wp.com\/interaccionnoticias.com.mx\/wp-content\/uploads\/2023\/02\/230218-liberaron-la-carretera-1-1024x683.jpg?ssl=1&w=320&resize=320&ssl=1 320w, https:\/\/i1.wp.com\/interaccionnoticias.com.mx\/wp-content\/uploads\/2023\/02\/230218-liberaron-la-carretera-1-1024x683.jpg?ssl=1&w=500&resize=500&ssl=1 500w, https:\/\/i1.wp.com\/interaccionnoticias.com.mx\/wp-content\/uploads\/2023\/02\/230218-liberaron-la-carretera-1-1024x683.jpg?ssl=1&w=640&resize=640&ssl=1 640w, https:\/\/i1.wp.com\/interaccionnoticias.com.mx\/wp-content\/uploads\/2023\/02\/230218-liberaron-la-carretera-1-1024x683.jpg?ssl=1&w=800&resize=800&ssl=1 800w, https:\/\/i1.wp.com\/interaccionnoticias.com.mx\/wp-content\/uploads\/2023\/02\/230218-liberaron-la-carretera-1-1024x683.jpg?ssl=1&w=1024&resize=1024&ssl=1 1024w, https:\/\/i1.wp.com\/interaccionnoticias.com.mx\/wp-content\/uploads\/2023\/02\/230218-liberaron-la-carretera-1-1024x683.jpg?ssl=1&w=1280&resize=1280&ssl=1 1280w, https:\/\/i1.wp.com\/interaccionnoticias.com.mx\/wp-content\/uploads\/2023\/02\/230218-liberaron-la-carretera-1-1024x683.jpg?ssl=1&w=1600&resize=1600&ssl=1 1600w\" fifu-data-src=\"https:\/\/i1.wp.com\/interaccionnoticias.com.mx\/wp-content\/uploads\/2023\/02\/230218-liberaron-la-carretera-1-1024x683.jpg?ssl=1\" alt=\"\" data-id=\"57829\" data-full-url=\"https:\/\/interaccionnoticias.com.mx\/wp-content\/uploads\/2023\/02\/230218-liberaron-la-carretera-1-scaled.jpg\" data-link=\"https:\/\/interaccionnoticias.com.mx\/?attachment_id=57829\" class=\"wp-image-57829\"\/><\/figure><\/li><li class=\"blocks-gallery-item\"><figure><img decoding=\"async\" src=\"data:image\/gif;base64,R0lGODlhAQABAIAAAAAAAP\/\/\/ywAAAAAAQABAAACAUwAOw==\" fifu-lazy=\"1\" fifu-data-sizes=\"auto\" fifu-data-srcset=\"https:\/\/i1.wp.com\/interaccionnoticias.com.mx\/wp-content\/uploads\/2023\/02\/230218-liberaron-la-carretera-1024x683.jpg?ssl=1&w=75&resize=75&ssl=1 75w, https:\/\/i1.wp.com\/interaccionnoticias.com.mx\/wp-content\/uploads\/2023\/02\/230218-liberaron-la-carretera-1024x683.jpg?ssl=1&w=100&resize=100&ssl=1 100w, https:\/\/i1.wp.com\/interaccionnoticias.com.mx\/wp-content\/uploads\/2023\/02\/230218-liberaron-la-carretera-1024x683.jpg?ssl=1&w=150&resize=150&ssl=1 150w, https:\/\/i1.wp.com\/interaccionnoticias.com.mx\/wp-content\/uploads\/2023\/02\/230218-liberaron-la-carretera-1024x683.jpg?ssl=1&w=240&resize=240&ssl=1 240w, https:\/\/i1.wp.com\/interaccionnoticias.com.mx\/wp-content\/uploads\/2023\/02\/230218-liberaron-la-carretera-1024x683.jpg?ssl=1&w=320&resize=320&ssl=1 320w, https:\/\/i1.wp.com\/interaccionnoticias.com.mx\/wp-content\/uploads\/2023\/02\/230218-liberaron-la-carretera-1024x683.jpg?ssl=1&w=500&resize=500&ssl=1 500w, https:\/\/i1.wp.com\/interaccionnoticias.com.mx\/wp-content\/uploads\/2023\/02\/230218-liberaron-la-carretera-1024x683.jpg?ssl=1&w=640&resize=640&ssl=1 640w, https:\/\/i1.wp.com\/interaccionnoticias.com.mx\/wp-content\/uploads\/2023\/02\/230218-liberaron-la-carretera-1024x683.jpg?ssl=1&w=800&resize=800&ssl=1 800w, https:\/\/i1.wp.com\/interaccionnoticias.com.mx\/wp-content\/uploads\/2023\/02\/230218-liberaron-la-carretera-1024x683.jpg?ssl=1&w=1024&resize=1024&ssl=1 1024w, https:\/\/i1.wp.com\/interaccionnoticias.com.mx\/wp-content\/uploads\/2023\/02\/230218-liberaron-la-carretera-1024x683.jpg?ssl=1&w=1280&resize=1280&ssl=1 1280w, https:\/\/i1.wp.com\/interaccionnoticias.com.mx\/wp-content\/uploads\/2023\/02\/230218-liberaron-la-carretera-1024x683.jpg?ssl=1&w=1600&resize=1600&ssl=1 1600w\" fifu-data-src=\"https:\/\/i1.wp.com\/interaccionnoticias.com.mx\/wp-content\/uploads\/2023\/02\/230218-liberaron-la-carretera-1024x683.jpg?ssl=1\" alt=\"\" data-id=\"57828\" data-full-url=\"https:\/\/interaccionnoticias.com.mx\/wp-content\/uploads\/2023\/02\/230218-liberaron-la-carretera-scaled.jpg\" data-link=\"https:\/\/interaccionnoticias.com.mx\/?attachment_id=57828\" class=\"wp-image-57828\"\/><\/figure><\/li><\/ul><\/figure>\n","protected":false},"excerpt":{"rendered":"<p>&#8212; Durante una d\u00e9cada, la carretera tuvo retenes de civiles armados desde Rinc\u00f3n de la V\u00eda, Buenavista, Ocotito y Tierra Colorada&#8212; Quitan de la v\u00eda de comunicaci\u00f3n a la UPOEG,&hellip; <\/p>\n","protected":false},"author":8,"featured_media":57829,"comment_status":"open","ping_status":"open","sticky":false,"template":"","format":"standard","meta":{"fifu_image_url":"","fifu_image_alt":"","footnotes":""},"categories":[27],"tags":[],"class_list":["post-57827","post","type-post","status-publish","format-standard","has-post-thumbnail","hentry","category-seguridad-publica"],"_links":{"self":[{"href":"https:\/\/www.interaccionnoticias.com.mx\/index.php?rest_route=\/wp\/v2\/posts\/57827","targetHints":{"allow":["GET"]}}],"collection":[{"href":"https:\/\/www.interaccionnoticias.com.mx\/index.php?rest_route=\/wp\/v2\/posts"}],"about":[{"href":"https:\/\/www.interaccionnoticias.com.mx\/index.php?rest_route=\/wp\/v2\/types\/post"}],"author":[{"embeddable":true,"href":"https:\/\/www.interaccionnoticias.com.mx\/index.php?rest_route=\/wp\/v2\/users\/8"}],"replies":[{"embeddable":true,"href":"https:\/\/www.interaccionnoticias.com.mx\/index.php?rest_route=%2Fwp%2Fv2%2Fcomments&post=57827"}],"version-history":[{"count":1,"href":"https:\/\/www.interaccionnoticias.com.mx\/index.php?rest_route=\/wp\/v2\/posts\/57827\/revisions"}],"predecessor-version":[{"id":57830,"href":"https:\/\/www.interaccionnoticias.com.mx\/index.php?rest_route=\/wp\/v2\/posts\/57827\/revisions\/57830"}],"wp:featuredmedia":[{"embeddable":true,"href":"https:\/\/www.interaccionnoticias.com.mx\/index.php?rest_route=\/wp\/v2\/media\/57829"}],"wp:attachment":[{"href":"https:\/\/www.interaccionnoticias.com.mx\/index.php?rest_route=%2Fwp%2Fv2%2Fmedia&parent=57827"}],"wp:term":[{"taxonomy":"category","embeddable":true,"href":"https:\/\/www.interaccionnoticias.com.mx\/index.php?rest_route=%2Fwp%2Fv2%2Fcategories&post=57827"},{"taxonomy":"post_tag","embeddable":true,"href":"https:\/\/www.interaccionnoticias.com.mx\/index.php?rest_route=%2Fwp%2Fv2%2Ftags&post=57827"}],"curies":[{"name":"wp","href":"https:\/\/api.w.org\/{rel}","templated":true}]}}