{"id":57798,"date":"2023-02-18T11:52:15","date_gmt":"2023-02-18T17:52:15","guid":{"rendered":"https:\/\/interaccionnoticias.com.mx\/?p=57798"},"modified":"2023-02-18T11:52:20","modified_gmt":"2023-02-18T17:52:20","slug":"desmantelan-base-de-la-crac-pf-en-buena-vista-de-la-salud","status":"publish","type":"post","link":"https:\/\/www.interaccionnoticias.com.mx\/?p=57798","title":{"rendered":"Desmantelan base de la CRAC-PF en Buena Vista de la Salud"},"content":{"rendered":"\n<p><em><strong>&#8212; La base antes era parte de la estructura de la UPOEG, instalada en la carretera federal M\u00e9xico-Acapulco<\/strong><\/em><\/p>\n\n\n\n<p><strong>Eduardo Yener Santos \/ CHILPANCINGO, Gro., 18 de febrero de 2023<\/strong><\/p>\n\n\n\n<p>Ocho integrantes de la Coordinadora Regional deAutoridades Comunitarias de los Pueblos Fundadores (CRAC-PF), con sede en Buena Vista de la Salud, municipio de Chilpancingo fueron detenidos esta madrugada, tras una operaci\u00f3n de las fuerzas armadas y la Polic\u00eda del Estado.<\/p>\n\n\n\n<p>Alrededor de las 05:30 horas, una operaci\u00f3n de la Polic\u00eda estatal, soldados del ej\u00e9rcito mexicano y agentes de la Guardia Nacional (GN) desmantelaron la base de la Polic\u00edan comunitaria de Buena Vista de la salud y detuvieron a ocho personas, adem\u00e1s se decomisaron veh\u00edculos y la polic\u00eda tom\u00f3 el control de la base que ocupaba la Polic\u00eda Ciudadana.<\/p>\n\n\n\n<p>El coordinador del Concejo Ind\u00edgena y Popular de Guerrero-Emiliano Zapata (Cipog-EZ), Jes\u00fas Placido Galindo confirm\u00f3 la detenci\u00f3n de ocho polic\u00edas comunitarios y se\u00f1al\u00f3 que emitir\u00e1n un comunicado, para dar conocer con detallr la actitud de la polic\u00eda durante el operativo de este s\u00e1bado.<\/p>\n\n\n\n<p>Tambi\u00e9n anticip\u00f3 que exigir\u00e1n que les informen sobre la situaci\u00f3n jur\u00eddica de los detenidos<\/p>\n\n\n\n<p>La base de la Polic\u00eda comunitaria desde hace m\u00e1s de ocho a\u00f1os era vigilada por civiles armados, en la entrada de Buena Vista, ahora ha sido tomada por las fuerzas armadas del Estado, donde la Polic\u00eda estatal y la Guardia Nacional mantienen vigilado el acceso con equipo antimot\u00edn<\/p>\n\n\n\n<p>La base comunitaria de Buena Vista de la Salud antes pertenec\u00eda a la Uni\u00f3n de Pueblos y Organizaciones del Estado de Guerrero (UPOEG) y se pas\u00f3 a la CRAC-PF este mes de enero, bajo el argumento de que ambas agrupaciones se apoyar\u00edan para enfrentar al grupo delictivo de \u00abLos Ardillos\u00bb.<\/p>\n\n\n\n<div class=\"wp-block-jetpack-tiled-gallery aligncenter is-style-rectangular\"><div class=\"tiled-gallery__gallery\"><div class=\"tiled-gallery__row\"><div class=\"tiled-gallery__col\" style=\"flex-basis:66.78744%\"><figure class=\"tiled-gallery__item\"><img decoding=\"async\" alt=\"\" data-height=\"750\" data-id=\"57802\" data-link=\"https:\/\/interaccionnoticias.com.mx\/?attachment_id=57802\" data-url=\"https:\/\/interaccionnoticias.com.mx\/wp-content\/uploads\/2023\/02\/230218-CRAC-PF-Buena-Vista-de-la-Salud-5-1024x683.jpg\" data-width=\"1125\" src=\"https:\/\/i0.wp.com\/www.interaccionnoticias.com.mx\/wp-content\/uploads\/2023\/02\/230218-CRAC-PF-Buena-Vista-de-la-Salud-5-1024x683.jpg\" data-amp-layout=\"responsive\"\/><\/figure><\/div><div class=\"tiled-gallery__col\" style=\"flex-basis:33.21256%\"><figure class=\"tiled-gallery__item\"><img decoding=\"async\" alt=\"\" data-height=\"750\" data-id=\"57799\" data-link=\"https:\/\/interaccionnoticias.com.mx\/?attachment_id=57799\" data-url=\"https:\/\/interaccionnoticias.com.mx\/wp-content\/uploads\/2023\/02\/230218-CRAC-PF-Buena-Vista-de-la-Salud-2-1024x683.jpg\" data-width=\"1125\" src=\"https:\/\/i2.wp.com\/www.interaccionnoticias.com.mx\/wp-content\/uploads\/2023\/02\/230218-CRAC-PF-Buena-Vista-de-la-Salud-2-1024x683.jpg\" data-amp-layout=\"responsive\"\/><\/figure><figure class=\"tiled-gallery__item\"><img decoding=\"async\" alt=\"\" data-height=\"750\" data-id=\"57804\" data-link=\"https:\/\/interaccionnoticias.com.mx\/?attachment_id=57804\" data-url=\"https:\/\/interaccionnoticias.com.mx\/wp-content\/uploads\/2023\/02\/230218-CRAC-PF-Buena-Vista-de-la-Salud-1-1024x683.jpg\" data-width=\"1125\" src=\"https:\/\/i2.wp.com\/www.interaccionnoticias.com.mx\/wp-content\/uploads\/2023\/02\/230218-CRAC-PF-Buena-Vista-de-la-Salud-1-1024x683.jpg\" data-amp-layout=\"responsive\"\/><\/figure><\/div><\/div><div class=\"tiled-gallery__row\"><div class=\"tiled-gallery__col\" style=\"flex-basis:33.33333%\"><figure class=\"tiled-gallery__item\"><img decoding=\"async\" alt=\"\" data-height=\"750\" data-id=\"57801\" data-link=\"https:\/\/interaccionnoticias.com.mx\/?attachment_id=57801\" data-url=\"https:\/\/interaccionnoticias.com.mx\/wp-content\/uploads\/2023\/02\/230218-CRAC-PF-Buena-Vista-de-la-Salud-4-1024x683.jpg\" data-width=\"1125\" src=\"https:\/\/i0.wp.com\/www.interaccionnoticias.com.mx\/wp-content\/uploads\/2023\/02\/230218-CRAC-PF-Buena-Vista-de-la-Salud-4-1024x683.jpg\" data-amp-layout=\"responsive\"\/><\/figure><\/div><div class=\"tiled-gallery__col\" style=\"flex-basis:33.33333%\"><figure class=\"tiled-gallery__item\"><img decoding=\"async\" alt=\"\" data-height=\"750\" data-id=\"57803\" data-link=\"https:\/\/interaccionnoticias.com.mx\/?attachment_id=57803\" data-url=\"https:\/\/interaccionnoticias.com.mx\/wp-content\/uploads\/2023\/02\/230218-CRAC-PF-Buena-Vista-de-la-Salud-6-1024x683.jpg\" data-width=\"1125\" src=\"https:\/\/i0.wp.com\/www.interaccionnoticias.com.mx\/wp-content\/uploads\/2023\/02\/230218-CRAC-PF-Buena-Vista-de-la-Salud-6-1024x683.jpg\" data-amp-layout=\"responsive\"\/><\/figure><\/div><div class=\"tiled-gallery__col\" style=\"flex-basis:33.33333%\"><figure class=\"tiled-gallery__item\"><img decoding=\"async\" alt=\"\" data-height=\"750\" data-id=\"57800\" data-link=\"https:\/\/interaccionnoticias.com.mx\/?attachment_id=57800\" data-url=\"https:\/\/interaccionnoticias.com.mx\/wp-content\/uploads\/2023\/02\/230218-CRAC-PF-Buena-Vista-de-la-Salud-3-1024x683.jpg\" data-width=\"1125\" src=\"https:\/\/i0.wp.com\/www.interaccionnoticias.com.mx\/wp-content\/uploads\/2023\/02\/230218-CRAC-PF-Buena-Vista-de-la-Salud-3-1024x683.jpg\" data-amp-layout=\"responsive\"\/><\/figure><\/div><\/div><\/div><\/div>\n","protected":false},"excerpt":{"rendered":"<p>&#8212; La base antes era parte de la estructura de la UPOEG, instalada en la carretera federal M\u00e9xico-Acapulco Eduardo Yener Santos \/ CHILPANCINGO, Gro., 18 de febrero de 2023 Ocho&hellip; <\/p>\n","protected":false},"author":31,"featured_media":57802,"comment_status":"open","ping_status":"open","sticky":false,"template":"","format":"standard","meta":{"fifu_image_url":"","fifu_image_alt":"","footnotes":""},"categories":[27],"tags":[],"class_list":["post-57798","post","type-post","status-publish","format-standard","has-post-thumbnail","hentry","category-seguridad-publica"],"_links":{"self":[{"href":"https:\/\/www.interaccionnoticias.com.mx\/index.php?rest_route=\/wp\/v2\/posts\/57798","targetHints":{"allow":["GET"]}}],"collection":[{"href":"https:\/\/www.interaccionnoticias.com.mx\/index.php?rest_route=\/wp\/v2\/posts"}],"about":[{"href":"https:\/\/www.interaccionnoticias.com.mx\/index.php?rest_route=\/wp\/v2\/types\/post"}],"author":[{"embeddable":true,"href":"https:\/\/www.interaccionnoticias.com.mx\/index.php?rest_route=\/wp\/v2\/users\/31"}],"replies":[{"embeddable":true,"href":"https:\/\/www.interaccionnoticias.com.mx\/index.php?rest_route=%2Fwp%2Fv2%2Fcomments&post=57798"}],"version-history":[{"count":1,"href":"https:\/\/www.interaccionnoticias.com.mx\/index.php?rest_route=\/wp\/v2\/posts\/57798\/revisions"}],"predecessor-version":[{"id":57805,"href":"https:\/\/www.interaccionnoticias.com.mx\/index.php?rest_route=\/wp\/v2\/posts\/57798\/revisions\/57805"}],"wp:featuredmedia":[{"embeddable":true,"href":"https:\/\/www.interaccionnoticias.com.mx\/index.php?rest_route=\/wp\/v2\/media\/57802"}],"wp:attachment":[{"href":"https:\/\/www.interaccionnoticias.com.mx\/index.php?rest_route=%2Fwp%2Fv2%2Fmedia&parent=57798"}],"wp:term":[{"taxonomy":"category","embeddable":true,"href":"https:\/\/www.interaccionnoticias.com.mx\/index.php?rest_route=%2Fwp%2Fv2%2Fcategories&post=57798"},{"taxonomy":"post_tag","embeddable":true,"href":"https:\/\/www.interaccionnoticias.com.mx\/index.php?rest_route=%2Fwp%2Fv2%2Ftags&post=57798"}],"curies":[{"name":"wp","href":"https:\/\/api.w.org\/{rel}","templated":true}]}}