{"id":57789,"date":"2023-02-17T23:26:57","date_gmt":"2023-02-18T05:26:57","guid":{"rendered":"https:\/\/interaccionnoticias.com.mx\/?p=57789"},"modified":"2023-02-17T23:27:03","modified_gmt":"2023-02-18T05:27:03","slug":"mujeres-y-ninas-donan-su-cabello-para-elaborar-pelucas-oncologicas","status":"publish","type":"post","link":"https:\/\/www.interaccionnoticias.com.mx\/?p=57789","title":{"rendered":"Mujeres y ni\u00f1as donan su cabello para elaborar pelucas oncol\u00f3gicas"},"content":{"rendered":"\n<p><strong><em>&#8212; La ni\u00f1a Ana Patricia don\u00f3 su cabello de m\u00e1s de 40 cent\u00edmetros<\/em><\/strong><\/p>\n\n\n\n<p><strong>Yasm\u00edn Garc\u00eda Chino<\/strong><\/p>\n\n\n\n<p><strong>Chilpancingo, Gro., a 17 de febrero 2023.-<\/strong> En el marco del D\u00eda Internacional del C\u00e1ncer (ICCD), la fundaci\u00f3n chocho llev\u00f3 a cabo el Trenzat\u00f3n Infantil 2023, de la que el cabello donado se utilizar\u00e1 para la elaboraci\u00f3n de pelucas oncol\u00f3gicas para ni\u00f1os, ni\u00f1as y mujeres con c\u00e1ncer.<\/p>\n\n\n\n<p>Ana Patricia Guerrero Casarreal tiene 11 a\u00f1os, es la primera vez que dona su cabello, el a\u00f1o pasado lo intent\u00f3, sin embargo por el horario en que llego ya no pudo, hecho que le caus\u00f3 tristeza.<\/p>\n\n\n\n<p>La ni\u00f1a Ana Patricia Guerrero decidi\u00f3 que le cortaran su largo cabello de m\u00e1s de 40 cent\u00edmetros, porque quiere ayudar de esa manera a los ni\u00f1os que padecen la enfermedad del c\u00e1ncer.<\/p>\n\n\n\n<p>\u201cA ellos ya no les va a crecer su cabello y a mi me crecer\u00e1 en meses\u201d, dice mientras le hace el corte.<\/p>\n\n\n\n<p>Ana quisiera hacer m\u00e1s para ayudarlos, cuando sea grande quiere ser maestra para ense\u00f1arles a los ni\u00f1os las buenas obras que pueden hacer en la vida.<\/p>\n\n\n\n<p>Mira su cabello que ya est\u00e1 trenzado y sonr\u00ede, se siente feliz porque su trenza servir\u00e1 para elaborar una peluca.<\/p>\n\n\n\n<p>Dice que cuando su cabello crezca lo volver\u00e1 a donar.<\/p>\n\n\n\n<p>Sofia Casarreal, madre de Ana Patricia la define como una ni\u00f1a de coraz\u00f3n noble que quiere ayudar a todas las personas que desafortunadamente est\u00e1n enfermas.<\/p>\n\n\n\n<p>\u201cLa primera vez no pudo donarlo, as\u00ed que estuvo al pendiente, pidi\u00f3 informes y se los enviaron, hoy se levant\u00f3 bien temprano y emocionada, me dijo mama ya v\u00e1monos\u201d, cuenta Sofia con la voz quebrantada.<\/p>\n\n\n\n<p>En ese sentido pidi\u00f3 a los padres de familia apoyar a sus hijos en caso de que decidan donar su cabello, \u201cque no les quiten esa ilusi\u00f3n de ayudar\u201d.<\/p>\n\n\n\n<p>Nichdali Isis Fitch Obreg\u00f3n, embajadora de la fundaci\u00f3n chocho en Guerrero, se\u00f1alo que es la \u00fanica registrada en el Instituto Nacional de Pediatr\u00eda (INP), a 12 a\u00f1os de su fundaci\u00f3n.<\/p>\n\n\n\n<p>Para la fabricaci\u00f3n de pelucas oncol\u00f3gicas se necesitan alrededor de ocho trenzas, para las cuales ya existe una gran lista de espera de pacientes, no todas la pelucas se quedaran en Chilpancingo, ya que la fundaci\u00f3n tiene presencia a nivel nacional, incluso algunas las enviaran a otros estados y pa\u00edses.<\/p>\n\n\n\n<p>La fundaci\u00f3n apoya con material a las familias de los ni\u00f1os con c\u00e1ncer para elaborar el mu\u00f1eco chocho, para su venta y de as\u00ed obtener ingresos que ayuden a sufragar un poco los gastos que genera el c\u00e1ncer.<\/p>\n\n\n\n<p>\u201cLos tratamientos son largos de 3 o 5 a\u00f1os devastan mucho a las familia, la mam\u00e1 pierde el empleo, la fundaci\u00f3n le dona telas, hilos, botones para elaborar el mu\u00f1eco chocho, los venden y con esto pueden un poco sufragar el gasto\u201d. Manifest\u00f3 la embajadora.<\/p>\n\n\n\n<p>En el trenzat\u00f3n realizado el a\u00f1o pasado recabaron 205 trenzas, las cuales no son suficientes.<\/p>\n\n\n\n<p>Nichdali lament\u00f3 que no exista la cultura de donaci\u00f3n del cabello, por lo que pidi\u00f3 a la ciudadan\u00eda hacer concientizaci\u00f3n de la donaci\u00f3n, \u201csi se cortan el cabello que no lo tiren, que lo donen, una joven paso hace rato no pudo cort\u00e1rselo porque se dirig\u00eda a su trabajo pero me dijo que tiene 10 trenzas en su casa de cabello que se ha cortado a lo largo de un lapso de tiempo, mas tarde las va a traer\u201d.<\/p>\n\n\n\n<p>Agreg\u00f3 que la fundaci\u00f3n es sin fines de lucro y quienes est\u00e1n laborando dentro de ella son voluntarios, asimismo, invit\u00f3 a quienes quieran ayudar de alguna forma a integrarse a la fundaci\u00f3n chocho.<\/p>\n\n\n\n<div class=\"wp-block-jetpack-tiled-gallery aligncenter is-style-rectangular\"><div class=\"tiled-gallery__gallery\"><div class=\"tiled-gallery__row\"><div class=\"tiled-gallery__col\" style=\"flex-basis:66.78744%\"><figure class=\"tiled-gallery__item\"><img decoding=\"async\" alt=\"\" data-height=\"750\" data-id=\"57793\" data-link=\"https:\/\/interaccionnoticias.com.mx\/?attachment_id=57793\" data-url=\"https:\/\/interaccionnoticias.com.mx\/wp-content\/uploads\/2023\/02\/230217-donan-cabello-1-1024x683.jpg\" data-width=\"1125\" src=\"https:\/\/i1.wp.com\/www.interaccionnoticias.com.mx\/wp-content\/uploads\/2023\/02\/230217-donan-cabello-1-1024x683.jpg\" data-amp-layout=\"responsive\"\/><\/figure><\/div><div class=\"tiled-gallery__col\" style=\"flex-basis:33.21256%\"><figure class=\"tiled-gallery__item\"><img decoding=\"async\" alt=\"\" data-height=\"750\" data-id=\"57792\" data-link=\"https:\/\/interaccionnoticias.com.mx\/?attachment_id=57792\" data-url=\"https:\/\/interaccionnoticias.com.mx\/wp-content\/uploads\/2023\/02\/230217-donan-cabello-4-1024x683.jpg\" data-width=\"1125\" src=\"https:\/\/i1.wp.com\/www.interaccionnoticias.com.mx\/wp-content\/uploads\/2023\/02\/230217-donan-cabello-4-1024x683.jpg\" data-amp-layout=\"responsive\"\/><\/figure><figure class=\"tiled-gallery__item\"><img decoding=\"async\" alt=\"\" data-height=\"750\" data-id=\"57791\" data-link=\"https:\/\/interaccionnoticias.com.mx\/?attachment_id=57791\" data-url=\"https:\/\/interaccionnoticias.com.mx\/wp-content\/uploads\/2023\/02\/230217-donan-cabello-3-1024x683.jpg\" data-width=\"1125\" src=\"https:\/\/i1.wp.com\/www.interaccionnoticias.com.mx\/wp-content\/uploads\/2023\/02\/230217-donan-cabello-3-1024x683.jpg\" data-amp-layout=\"responsive\"\/><\/figure><\/div><\/div><div class=\"tiled-gallery__row\"><div class=\"tiled-gallery__col\" style=\"flex-basis:100.00000%\"><figure class=\"tiled-gallery__item\"><img decoding=\"async\" alt=\"\" data-height=\"750\" data-id=\"57790\" data-link=\"https:\/\/interaccionnoticias.com.mx\/?attachment_id=57790\" data-url=\"https:\/\/interaccionnoticias.com.mx\/wp-content\/uploads\/2023\/02\/230217-donan-cabello-2-1024x683.jpg\" data-width=\"1125\" src=\"https:\/\/i1.wp.com\/www.interaccionnoticias.com.mx\/wp-content\/uploads\/2023\/02\/230217-donan-cabello-2-1024x683.jpg\" data-amp-layout=\"responsive\"\/><\/figure><\/div><\/div><\/div><\/div>\n","protected":false},"excerpt":{"rendered":"<p>&#8212; La ni\u00f1a Ana Patricia don\u00f3 su cabello de m\u00e1s de 40 cent\u00edmetros Yasm\u00edn Garc\u00eda Chino Chilpancingo, Gro., a 17 de febrero 2023.- En el marco del D\u00eda Internacional del&hellip; <\/p>\n","protected":false},"author":4,"featured_media":57793,"comment_status":"open","ping_status":"open","sticky":false,"template":"","format":"standard","meta":{"fifu_image_url":"","fifu_image_alt":"","footnotes":""},"categories":[29],"tags":[],"class_list":["post-57789","post","type-post","status-publish","format-standard","has-post-thumbnail","hentry","category-sociedad"],"_links":{"self":[{"href":"https:\/\/www.interaccionnoticias.com.mx\/index.php?rest_route=\/wp\/v2\/posts\/57789","targetHints":{"allow":["GET"]}}],"collection":[{"href":"https:\/\/www.interaccionnoticias.com.mx\/index.php?rest_route=\/wp\/v2\/posts"}],"about":[{"href":"https:\/\/www.interaccionnoticias.com.mx\/index.php?rest_route=\/wp\/v2\/types\/post"}],"author":[{"embeddable":true,"href":"https:\/\/www.interaccionnoticias.com.mx\/index.php?rest_route=\/wp\/v2\/users\/4"}],"replies":[{"embeddable":true,"href":"https:\/\/www.interaccionnoticias.com.mx\/index.php?rest_route=%2Fwp%2Fv2%2Fcomments&post=57789"}],"version-history":[{"count":1,"href":"https:\/\/www.interaccionnoticias.com.mx\/index.php?rest_route=\/wp\/v2\/posts\/57789\/revisions"}],"predecessor-version":[{"id":57794,"href":"https:\/\/www.interaccionnoticias.com.mx\/index.php?rest_route=\/wp\/v2\/posts\/57789\/revisions\/57794"}],"wp:featuredmedia":[{"embeddable":true,"href":"https:\/\/www.interaccionnoticias.com.mx\/index.php?rest_route=\/wp\/v2\/media\/57793"}],"wp:attachment":[{"href":"https:\/\/www.interaccionnoticias.com.mx\/index.php?rest_route=%2Fwp%2Fv2%2Fmedia&parent=57789"}],"wp:term":[{"taxonomy":"category","embeddable":true,"href":"https:\/\/www.interaccionnoticias.com.mx\/index.php?rest_route=%2Fwp%2Fv2%2Fcategories&post=57789"},{"taxonomy":"post_tag","embeddable":true,"href":"https:\/\/www.interaccionnoticias.com.mx\/index.php?rest_route=%2Fwp%2Fv2%2Ftags&post=57789"}],"curies":[{"name":"wp","href":"https:\/\/api.w.org\/{rel}","templated":true}]}}