{"id":57780,"date":"2023-02-17T21:29:46","date_gmt":"2023-02-18T03:29:46","guid":{"rendered":"https:\/\/interaccionnoticias.com.mx\/?p=57780"},"modified":"2023-02-17T21:29:51","modified_gmt":"2023-02-18T03:29:51","slug":"la-sociedad-debe-participar-mas-en-la-estrategia-contra-la-violencia-hacia-las-mujeres-garfias-marin","status":"publish","type":"post","link":"https:\/\/www.interaccionnoticias.com.mx\/?p=57780","title":{"rendered":"La sociedad debe participar m\u00e1s en la estrategia contra la violencia hacia las mujeres: Garfias Mar\u00edn"},"content":{"rendered":"\n<p><strong>Rosario Garc\u00eda Orozco<\/strong><\/p>\n\n\n\n<p><strong>Chilpancingo, Gro., 17 de febrero del 2023.- <\/strong>La Presidenta de la Organizaci\u00f3n \u201cAliadas por la Justicia\u201d, Mar\u00eda Luisa Garfias Mar\u00edn lament\u00f3 el incremento de la violencia Feminicida en Guerrero, y se pronunci\u00f3 porque la sociedad tambi\u00e9n cierre filas ante los homicidios contra mujeres que se siguen registrando, pese a los esfuerzos de las autoridades estatales.<\/p>\n\n\n\n<p>Garfias Mar\u00edn, tambi\u00e9n recipiendaria de la presea Sentimientos de la Naci\u00f3n por su lucha por los derechos humanos y contra la violencia hacia las mujeres, consider\u00f3 necesario terminar con los m\u00e9todos tradicionales de ense\u00f1anza a las mujeres, de ser calladas y abnegadas, y como ejemplo, dijo, persiste la violencia en el noviazgo, y contin\u00faa en el matrimonio.<\/p>\n\n\n\n<p>\u201cLo que tenemos que hacer es todas y todos apostarle a que la \u00fanica forma de poder erradicar la violencia contra las mujeres, buscar diferentes formas para poder mandar el mensaje a todos los miembros de la sociedad que todos tenemos que participar\u201d, dijo la activista feminista.<\/p>\n\n\n\n<p>Insisti\u00f3 en que es preocupante la situaci\u00f3n que se vive en cuanto a la violencia contra las mujeres, por lo que la sociedad no se puede quedar de \u201cbrazos cruzados, algo tenemos que hacer\u201d.<\/p>\n\n\n\n<p>En medios de comunicaci\u00f3n se han documentado entre 20 y 25 feminicidios en lo que va del a\u00f1o, \u00ablos homicidios dolosos se encuentran todos los d\u00edas en el estado, a pesar de que el Secretariado Ejecutivo del Sistema de Sistema Nacional de Seguridad P\u00fablica asegura que Guerrero se encuentra en el lugar 25 a nivel nacional de violencia y feminicidios.<\/p>\n\n\n\n<p>\u201cEsto es todos los d\u00edas, (los homicidios de mujeres), es tan mala la situaci\u00f3n que yo considero que mientras no haya por parte de la sociedad civil tambi\u00e9n la voluntad, la disposici\u00f3n para poder realizar acciones desde la familia, desde la escuela, desde el trabajo para poder erradicar la violencia, por muchos esfuerzos que hagan las autoridades esto no va acabar\u201d, asegur\u00f3 enf\u00e1tica.<\/p>\n\n\n\n<p>Maria Luisa Garc\u00eda insisti\u00f3 en que si no hay voluntad, la situaci\u00f3n de violencia contra las mujeres puede ir incrementando cada vez m\u00e1s, aunado a que a\u00fan hay servidoras y servidores p\u00fablicos que pese a la capacitaci\u00f3n y sensibilizaci\u00f3n consideran \u00abque las mujeres deben mantenerse en espacios privados, sumisas y abnegadas, y por lo tanto deben continuar siendo violentadas por los estereotipos bajo los cuales se sigue educando a la sociedad\u00bb.<\/p>\n\n\n\n<p>Lament\u00f3 que a pesar de las 2 alertas por violencia de g\u00e9nero en al menos 9 municipios de la entidad, y de los recursos que iniciativas como Spot Light aportan para capacitar a servidores, organizaciones civiles, la situaci\u00f3n de violencia contra las mujeres \u201crealmente est\u00e1 al d\u00eda\u201d.<\/p>\n\n\n\n<p>Lo anterior, se suma a la impunidad, la falta de voluntad y disposici\u00f3n de la sociedad civil y las familias que siguen reproduciendo la educaci\u00f3n y cultura basada en la discriminaci\u00f3n e injusticia, mencion\u00f3 la Activista feminista, quien agreg\u00f3 que la desigualdad contra las ni\u00f1as y adolescentes se mantiene con todo y lo lamentable que pueda ser, insisti\u00f3.<\/p>\n\n\n\n<p>\u201cYo veo los esfuerzos que se est\u00e1n haciendo en el caso de la gobernadora (Evelyn Salgado Pineda), veo tambi\u00e9n esfuerzos que hacen iniciativas para poder disminuir la violencia pero esta violencia persiste, lo que te dec\u00eda, estoy convencida de que necesitamos cerrar filas\u201d, expuso.<\/p>\n","protected":false},"excerpt":{"rendered":"<p>Rosario Garc\u00eda Orozco Chilpancingo, Gro., 17 de febrero del 2023.- La Presidenta de la Organizaci\u00f3n \u201cAliadas por la Justicia\u201d, Mar\u00eda Luisa Garfias Mar\u00edn lament\u00f3 el incremento de la violencia Feminicida&hellip; <\/p>\n","protected":false},"author":14,"featured_media":57781,"comment_status":"open","ping_status":"open","sticky":false,"template":"","format":"standard","meta":{"fifu_image_url":"","fifu_image_alt":"","footnotes":""},"categories":[29],"tags":[],"class_list":["post-57780","post","type-post","status-publish","format-standard","has-post-thumbnail","hentry","category-sociedad"],"_links":{"self":[{"href":"https:\/\/www.interaccionnoticias.com.mx\/index.php?rest_route=\/wp\/v2\/posts\/57780","targetHints":{"allow":["GET"]}}],"collection":[{"href":"https:\/\/www.interaccionnoticias.com.mx\/index.php?rest_route=\/wp\/v2\/posts"}],"about":[{"href":"https:\/\/www.interaccionnoticias.com.mx\/index.php?rest_route=\/wp\/v2\/types\/post"}],"author":[{"embeddable":true,"href":"https:\/\/www.interaccionnoticias.com.mx\/index.php?rest_route=\/wp\/v2\/users\/14"}],"replies":[{"embeddable":true,"href":"https:\/\/www.interaccionnoticias.com.mx\/index.php?rest_route=%2Fwp%2Fv2%2Fcomments&post=57780"}],"version-history":[{"count":1,"href":"https:\/\/www.interaccionnoticias.com.mx\/index.php?rest_route=\/wp\/v2\/posts\/57780\/revisions"}],"predecessor-version":[{"id":57782,"href":"https:\/\/www.interaccionnoticias.com.mx\/index.php?rest_route=\/wp\/v2\/posts\/57780\/revisions\/57782"}],"wp:featuredmedia":[{"embeddable":true,"href":"https:\/\/www.interaccionnoticias.com.mx\/index.php?rest_route=\/wp\/v2\/media\/57781"}],"wp:attachment":[{"href":"https:\/\/www.interaccionnoticias.com.mx\/index.php?rest_route=%2Fwp%2Fv2%2Fmedia&parent=57780"}],"wp:term":[{"taxonomy":"category","embeddable":true,"href":"https:\/\/www.interaccionnoticias.com.mx\/index.php?rest_route=%2Fwp%2Fv2%2Fcategories&post=57780"},{"taxonomy":"post_tag","embeddable":true,"href":"https:\/\/www.interaccionnoticias.com.mx\/index.php?rest_route=%2Fwp%2Fv2%2Ftags&post=57780"}],"curies":[{"name":"wp","href":"https:\/\/api.w.org\/{rel}","templated":true}]}}