{"id":57719,"date":"2023-02-16T21:25:32","date_gmt":"2023-02-17T03:25:32","guid":{"rendered":"https:\/\/interaccionnoticias.com.mx\/?p=57719"},"modified":"2023-02-16T21:25:37","modified_gmt":"2023-02-17T03:25:37","slug":"unicef-plantea-tipificar-como-delito-el-reclutamiento-de-ninos-por-parte-de-grupos-armados","status":"publish","type":"post","link":"https:\/\/www.interaccionnoticias.com.mx\/?p=57719","title":{"rendered":"UNICEF plantea tipificar como delito el reclutamiento de ni\u00f1os por parte de grupos armados"},"content":{"rendered":"\n<p><strong><em>&#8212; Especialistas se reunieron con diputadas locales de Guerrero<\/em><\/strong><\/p>\n\n\n\n<p><strong>Rogelio Agust\u00edn<\/strong><\/p>\n\n\n\n<p>Diputadas que integrant la Comisi\u00f3n de los Derechos de las Ni\u00f1as, Ni\u00f1os y Adolescentes del Congreso de Guerrero se reunieron con integrantes del Fondo de las Naciones Unidas para la Infancia (Unicef), con quienes dialogaron sobre las estrategias que se deben implementar para evutar que ni\u00f1as, ni\u00f1os y adolescentes sean reclutados por parte de grupos armados.<\/p>\n\n\n\n<p>En la reuni\u00f3n particoaron las diputadas Beatriz Mojica Morga, Julieta Fern\u00e1ndez M\u00e1rquez y Jennyfer Garc\u00eda Lucena, presidenta, secretaria y vocal del \u00f3rgano legislativo, militantes de MORENA, PRI y PRD, respectivamente.<\/p>\n\n\n\n<p>Ellas manifestaron el compromiso de la LXIII Legislatura local, en el sentido de hacer las adecuaciones legislativas correspondientes para garantizar los derechos de la ni\u00f1ez guerrerense.<\/p>\n\n\n\n<p>Al mismo tiempo, coincidieron en que se deben implementar de manera urgente estrategias de prevenci\u00f3n para evitar que las ni\u00f1as, ni\u00f1os y adolescentes sean v\u00edctimas de ese tipo de grupos, lo cual comienza desde el entorno familiar, con el establecimiento de la crianza positiva.<\/p>\n\n\n\n<p>Indicaron que tambi\u00e9n se debe trabajar en el \u00e1mbito escolar con la creaci\u00f3n de un buen ambiente, mediante el deporte y las actividades culturales.<\/p>\n\n\n\n<p>Las diputadas ratifivcaron la disposici\u00f3n que tiene el Congreso de trabajar de manera coordinada con la instituciones interesadas en garantizar el respeto a los derechos de la ni\u00f1ez, adem\u00e1s de hacer el trabajo legislativo que les corresponde, para que las ni\u00f1as, ni\u00f1os y adolescentes vivan en un entorno seguro y de estabilidad.<\/p>\n\n\n\n<p>El oficial nacional de Protecci\u00f3n a la Infancia, Jos\u00e9 Antonio Ruiz Hern\u00e1ndez y la especialista en Protecci\u00f3n Infantil en M\u00e9xico, Iune Baravalle, ambos de Unicef, se\u00f1alaron que el objetivo de este programa es entablar contacto con los congresos de los estados para que realicen las reformas necesarias en materia de tipificaci\u00f3n del delito de reclutamiento de ni\u00f1as, ni\u00f1os y adolescentes.<\/p>\n\n\n\n<p>Los esp\u00e8cialistas se\u00f1alaron que el reclutamiento de ni\u00f1os por parte de grupos armados se da constantemente y cada vez a edades m\u00e1s tempranas, por lo cual es urgente hacer adecuaciones al marco legal para su prevenci\u00f3n y erradicaci\u00f3n.<\/p>\n\n\n\n<p>En 2020 y 2021, en la Monta\u00f1a baja de Guerrero, particularmente en Alcozac\u00e1n y Ayahaltempa, la Polic\u00eda Comunitaria de los Pueblos Fundadores (CRAC-PF) hizo marchar a decenas de ni\u00f1os de 8 a 12 a\u00f1os portando rifles de bajo calibre, vestidos con unfirmes verde olivo y en algunos casos, los menores utilizaban palos para simular que portaban armas.<\/p>\n\n\n\n<p>Los menores adem\u00e1s de marchar, hicieron maniobras para demostrar que contaban con el adiestramiento necesario para utilizar rifles calibre 22.<\/p>\n\n\n\n<p>El argumento, fue que en esa zona de los municipios de Chilapa y Jos\u00e9 Josqu\u00edn de Herrera, muchos pueblos viven bajo el acecho del grupo delictivo conocido como \u201cLos Ardillos\u201d.<\/p>\n\n\n\n<div class=\"wp-block-jetpack-tiled-gallery aligncenter is-style-rectangular\"><div class=\"tiled-gallery__gallery\"><div class=\"tiled-gallery__row\"><div class=\"tiled-gallery__col\" style=\"flex-basis:42.63429%\"><figure class=\"tiled-gallery__item\"><img decoding=\"async\" alt=\"\" data-height=\"750\" data-id=\"57721\" data-link=\"https:\/\/interaccionnoticias.com.mx\/?attachment_id=57721\" data-url=\"https:\/\/interaccionnoticias.com.mx\/wp-content\/uploads\/2023\/02\/230216-UNICEF-1-1024x683.jpg\" data-width=\"1125\" src=\"https:\/\/i1.wp.com\/www.interaccionnoticias.com.mx\/wp-content\/uploads\/2023\/02\/230216-UNICEF-1-1024x683.jpg\" data-amp-layout=\"responsive\"\/><\/figure><figure class=\"tiled-gallery__item\"><img decoding=\"async\" alt=\"\" data-height=\"750\" data-id=\"57723\" data-link=\"https:\/\/interaccionnoticias.com.mx\/?attachment_id=57723\" data-url=\"https:\/\/interaccionnoticias.com.mx\/wp-content\/uploads\/2023\/02\/230216-UNICEF-2-1024x683.jpg\" data-width=\"1125\" src=\"https:\/\/i2.wp.com\/www.interaccionnoticias.com.mx\/wp-content\/uploads\/2023\/02\/230216-UNICEF-2-1024x683.jpg\" data-amp-layout=\"responsive\"\/><\/figure><figure class=\"tiled-gallery__item\"><img decoding=\"async\" alt=\"\" data-height=\"750\" data-id=\"57722\" data-link=\"https:\/\/interaccionnoticias.com.mx\/?attachment_id=57722\" data-url=\"https:\/\/interaccionnoticias.com.mx\/wp-content\/uploads\/2023\/02\/230216-UNICEF-3-1024x683.jpg\" data-width=\"1125\" src=\"https:\/\/i0.wp.com\/www.interaccionnoticias.com.mx\/wp-content\/uploads\/2023\/02\/230216-UNICEF-3-1024x683.jpg\" data-amp-layout=\"responsive\"\/><\/figure><\/div><div class=\"tiled-gallery__col\" style=\"flex-basis:57.36571%\"><figure class=\"tiled-gallery__item\"><img decoding=\"async\" alt=\"\" data-height=\"1125\" data-id=\"57724\" data-link=\"https:\/\/interaccionnoticias.com.mx\/?attachment_id=57724\" data-url=\"https:\/\/interaccionnoticias.com.mx\/wp-content\/uploads\/2023\/02\/230216-UNICEF-4-683x1024.jpg\" data-width=\"750\" src=\"https:\/\/i2.wp.com\/www.interaccionnoticias.com.mx\/wp-content\/uploads\/2023\/02\/230216-UNICEF-4-683x1024.jpg\" data-amp-layout=\"responsive\"\/><\/figure><\/div><\/div><div class=\"tiled-gallery__row\"><div class=\"tiled-gallery__col\" style=\"flex-basis:100.00000%\"><figure class=\"tiled-gallery__item\"><img decoding=\"async\" alt=\"\" data-height=\"750\" data-id=\"57720\" data-link=\"https:\/\/interaccionnoticias.com.mx\/?attachment_id=57720\" data-url=\"https:\/\/interaccionnoticias.com.mx\/wp-content\/uploads\/2023\/02\/230216-UNICEF-5-1024x683.jpg\" data-width=\"1125\" src=\"https:\/\/i1.wp.com\/www.interaccionnoticias.com.mx\/wp-content\/uploads\/2023\/02\/230216-UNICEF-5-1024x683.jpg\" data-amp-layout=\"responsive\"\/><\/figure><\/div><\/div><\/div><\/div>\n","protected":false},"excerpt":{"rendered":"<p>&#8212; Especialistas se reunieron con diputadas locales de Guerrero Rogelio Agust\u00edn Diputadas que integrant la Comisi\u00f3n de los Derechos de las Ni\u00f1as, Ni\u00f1os y Adolescentes del Congreso de Guerrero se&hellip; <\/p>\n","protected":false},"author":21,"featured_media":57721,"comment_status":"open","ping_status":"open","sticky":false,"template":"","format":"standard","meta":{"fifu_image_url":"","fifu_image_alt":"","footnotes":""},"categories":[29],"tags":[],"class_list":["post-57719","post","type-post","status-publish","format-standard","has-post-thumbnail","hentry","category-sociedad"],"_links":{"self":[{"href":"https:\/\/www.interaccionnoticias.com.mx\/index.php?rest_route=\/wp\/v2\/posts\/57719","targetHints":{"allow":["GET"]}}],"collection":[{"href":"https:\/\/www.interaccionnoticias.com.mx\/index.php?rest_route=\/wp\/v2\/posts"}],"about":[{"href":"https:\/\/www.interaccionnoticias.com.mx\/index.php?rest_route=\/wp\/v2\/types\/post"}],"author":[{"embeddable":true,"href":"https:\/\/www.interaccionnoticias.com.mx\/index.php?rest_route=\/wp\/v2\/users\/21"}],"replies":[{"embeddable":true,"href":"https:\/\/www.interaccionnoticias.com.mx\/index.php?rest_route=%2Fwp%2Fv2%2Fcomments&post=57719"}],"version-history":[{"count":1,"href":"https:\/\/www.interaccionnoticias.com.mx\/index.php?rest_route=\/wp\/v2\/posts\/57719\/revisions"}],"predecessor-version":[{"id":57725,"href":"https:\/\/www.interaccionnoticias.com.mx\/index.php?rest_route=\/wp\/v2\/posts\/57719\/revisions\/57725"}],"wp:featuredmedia":[{"embeddable":true,"href":"https:\/\/www.interaccionnoticias.com.mx\/index.php?rest_route=\/wp\/v2\/media\/57721"}],"wp:attachment":[{"href":"https:\/\/www.interaccionnoticias.com.mx\/index.php?rest_route=%2Fwp%2Fv2%2Fmedia&parent=57719"}],"wp:term":[{"taxonomy":"category","embeddable":true,"href":"https:\/\/www.interaccionnoticias.com.mx\/index.php?rest_route=%2Fwp%2Fv2%2Fcategories&post=57719"},{"taxonomy":"post_tag","embeddable":true,"href":"https:\/\/www.interaccionnoticias.com.mx\/index.php?rest_route=%2Fwp%2Fv2%2Ftags&post=57719"}],"curies":[{"name":"wp","href":"https:\/\/api.w.org\/{rel}","templated":true}]}}