{"id":57710,"date":"2023-02-16T17:32:34","date_gmt":"2023-02-16T23:32:34","guid":{"rendered":"https:\/\/interaccionnoticias.com.mx\/?p=57710"},"modified":"2023-02-16T17:32:38","modified_gmt":"2023-02-16T23:32:38","slug":"nos-esta-ayudando-muchisimo-dice-amlo-respecto-a-la-gobernadora-evelyn-salgado-pineda","status":"publish","type":"post","link":"https:\/\/www.interaccionnoticias.com.mx\/?p=57710","title":{"rendered":"\u201cNos est\u00e1 ayud\u00e1ndo much\u00edsimo\u201d, dice AMLO respecto a la gobernadora Evelyn Salgado Pineda"},"content":{"rendered":"\n<p><em><strong>&#8212; \u201cNos quisieron hacer da\u00f1o\u201d, se\u00f1ala el presidente al referirse al proceso electoral de 2021<\/strong><\/em><\/p>\n\n\n\n<p><strong>Rosario Garcis Orozco<\/strong><\/p>\n\n\n\n<p><strong>Chilpancingo, Gro., 16 de febrero del 2023.-<\/strong> El presidente Andr\u00e9s Manuel L\u00f3pez Obrador reconoci\u00f3 a la gobernadora, durante la conferencia ma\u00f1anera, de quien dijo \u00abes muy trabajadora\u00bb.<\/p>\n\n\n\n<p>\u00abLa gobernadora de Guerrero, muy buena, mucho muy buena, Evelyn muy trabajadora, nos est\u00e1 ayudando much\u00edsimo\u00bb, expres\u00f3 el presidente al referirse a la mandataria estatal.<\/p>\n\n\n\n<p>Record\u00f3 que en la elecci\u00f3n de gobernador los \u00f3rganos electorales le retiraron la candidatura por Morena al padre de Evelyn Salgado Pineda, el senador F\u00e9lix Salgado Macedonio, y el partido impuls\u00f3 a la hoy gobernadora.<\/p>\n\n\n\n<p>\u00abNos quisieron hacer da\u00f1o ah\u00ed en Guerrero, pero al que act\u00faa mal le va mal\u00bb, dijo el presidente de M\u00e9xico.<\/p>\n\n\n\n<p>Agreg\u00f3 en su mensaje en la ma\u00f1anera de la jornada de este jueves: \u00abquitaron a la mala a un candidato y resulta que quien entr\u00f3 de sustituta es buen\u00edsima, muy trabajadora, muy activa , Evelyn Salgado\u00bb.<\/p>\n\n\n\n<p>Se espera que la siguiente visita del presidente Andr\u00e9s Manuel L\u00f3pez Obrador a Guerrero sea el pr\u00f3ximo 24 de febrero, para presidir los festejos por el d\u00eda de la Bandera Nacional, que se llevar\u00e1n a cabo en Iguala.<\/p>\n","protected":false},"excerpt":{"rendered":"<p>&#8212; \u201cNos quisieron hacer da\u00f1o\u201d, se\u00f1ala el presidente al referirse al proceso electoral de 2021 Rosario Garcis Orozco Chilpancingo, Gro., 16 de febrero del 2023.- El presidente Andr\u00e9s Manuel L\u00f3pez&hellip; <\/p>\n","protected":false},"author":14,"featured_media":57711,"comment_status":"open","ping_status":"open","sticky":false,"template":"","format":"standard","meta":{"fifu_image_url":"","fifu_image_alt":"","footnotes":""},"categories":[21],"tags":[],"class_list":["post-57710","post","type-post","status-publish","format-standard","has-post-thumbnail","hentry","category-politica"],"_links":{"self":[{"href":"https:\/\/www.interaccionnoticias.com.mx\/index.php?rest_route=\/wp\/v2\/posts\/57710","targetHints":{"allow":["GET"]}}],"collection":[{"href":"https:\/\/www.interaccionnoticias.com.mx\/index.php?rest_route=\/wp\/v2\/posts"}],"about":[{"href":"https:\/\/www.interaccionnoticias.com.mx\/index.php?rest_route=\/wp\/v2\/types\/post"}],"author":[{"embeddable":true,"href":"https:\/\/www.interaccionnoticias.com.mx\/index.php?rest_route=\/wp\/v2\/users\/14"}],"replies":[{"embeddable":true,"href":"https:\/\/www.interaccionnoticias.com.mx\/index.php?rest_route=%2Fwp%2Fv2%2Fcomments&post=57710"}],"version-history":[{"count":1,"href":"https:\/\/www.interaccionnoticias.com.mx\/index.php?rest_route=\/wp\/v2\/posts\/57710\/revisions"}],"predecessor-version":[{"id":57712,"href":"https:\/\/www.interaccionnoticias.com.mx\/index.php?rest_route=\/wp\/v2\/posts\/57710\/revisions\/57712"}],"wp:featuredmedia":[{"embeddable":true,"href":"https:\/\/www.interaccionnoticias.com.mx\/index.php?rest_route=\/wp\/v2\/media\/57711"}],"wp:attachment":[{"href":"https:\/\/www.interaccionnoticias.com.mx\/index.php?rest_route=%2Fwp%2Fv2%2Fmedia&parent=57710"}],"wp:term":[{"taxonomy":"category","embeddable":true,"href":"https:\/\/www.interaccionnoticias.com.mx\/index.php?rest_route=%2Fwp%2Fv2%2Fcategories&post=57710"},{"taxonomy":"post_tag","embeddable":true,"href":"https:\/\/www.interaccionnoticias.com.mx\/index.php?rest_route=%2Fwp%2Fv2%2Ftags&post=57710"}],"curies":[{"name":"wp","href":"https:\/\/api.w.org\/{rel}","templated":true}]}}