{"id":57707,"date":"2023-02-16T17:28:01","date_gmt":"2023-02-16T23:28:01","guid":{"rendered":"https:\/\/interaccionnoticias.com.mx\/?p=57707"},"modified":"2023-02-16T17:28:06","modified_gmt":"2023-02-16T23:28:06","slug":"condena-el-congreso-de-guerrero-asesinato-de-mujer-en-un-hotel-de-chilpancingo","status":"publish","type":"post","link":"https:\/\/www.interaccionnoticias.com.mx\/?p=57707","title":{"rendered":"Condena el Congreso de Guerrero asesinato de mujer en un hotel de Chilpancingo"},"content":{"rendered":"\n<p><strong><em>&#8212; La diputada presidenta de la Comisi\u00f3n de Igualdad de G\u00e9nero, Gabriela Bernal Res\u00e9ndiz, conden\u00f3 el hecho que se suscit\u00f3 justo en el \u201cD\u00eda de la Mujer Mexicana\u201d<\/em><\/strong><\/p>\n\n\n\n<p><strong>Yasm\u00edn Garc\u00eda Chino<\/strong><\/p>\n\n\n\n<p><strong>Chilpancingo, Gro., a 16 de febrero 2023.-<\/strong> La Comisi\u00f3n Permanente del Congreso local conden\u00f3 el asesinato de una mujer cometido en la habitaci\u00f3n de un hotel del centro de la capital del estado, la noche del miercoles 15 de febrero, en el D\u00eda de la Mujer Mexicana.<\/p>\n\n\n\n<p>El asunto fue llevado a tribuna por la presidenta de la Comisi\u00f3n de Igualdad de G\u00e9nero del Congreso local, Gabriela Bernal Res\u00e9ndiz, quien cerr\u00f3 la serie de intervenciones realizadas por sus compa\u00f1eras; Jessica Alejo Rayo, Claudia Sierra L\u00f3pez y Ang\u00e9lica Espinosa Garc\u00eda.<\/p>\n\n\n\n<p>Si bien las diputadas de Morena hicieron referencia al D\u00eda de la Mujer Mexicana, haciendo notar que en el pa\u00eds prevalace un ambiente de violencia hacia las mujeres, fue la priista Gabriela Bernal la que hizo referencia directa al hechgo registrado en la habitaci\u00f3n 201 del Hotel Plaza, ubicado en la avenida Jun N. \u00c1lvarez, esquina con 18 de marzo, justo en el centro de Chilpancingo.<\/p>\n\n\n\n<p>La v\u00edctima, que para el momento de las intervenciones ya se encontraba en las instalaciones del Servicio M\u00e9dico Forense (Semefo) en calidad de desconocida, presentaba hematomas y ten\u00eda el rostro desfigurado por los golpes recibidos.<\/p>\n\n\n\n<p>En todas las intervenciones, las representantes populares concidieron en que durante la fecha en menci\u00f3n no hay nada que festejar, cuando existe violencia hacia las mujeres y existe resistencia al reconocimiento pleno de sus derechos.<\/p>\n\n\n\n<p>Bernal Res\u00e9ndiz lament\u00f3 y conden\u00f3 el asesinato: \u201cdesde aqu\u00ed condeno este lamentable hecho que se acaba de suscitar, nos queda claro que no tenemos nada que festejar, sigue la violencia contra las mujeres\u201d.<\/p>\n\n\n\n<p>La v\u00edctima, se indic\u00f3 que tiene entre 30 y 35 a\u00f1os de edad, hasta entrada la tarde se desconoce su nombre y lugar de origen.<\/p>\n\n\n\n<p>La diputada Bernal Res\u00e9ndiz pidi\u00f3 a las diputadas y diputados unir esfuerzos para erradicar la violencia contras las mujeres, al gobierno estatal y a los ayuntamientos trabajar en coordinaci\u00f3n, para hacer un alto a cr\u00edmenes como el de la noche del mi\u00e9rcoles.<\/p>\n\n\n\n<p>\u201cNi una m\u00e1s, pero tampoco una menos\u201d, dijo en el cierre de su intervcenci\u00f3n.<\/p>\n\n\n\n<p>El pasado 5 y 6 de febrero, en Acapulco fueron asesinadas a golpes tres mujeres, hechos de los que la Fiscal\u00eda General del Estado (FGE) inform\u00f3 el inicio de las investigaciones, pero hasta el momento se desconoce si ya se ha registrado alguna detenci\u00f3n.<\/p>\n","protected":false},"excerpt":{"rendered":"<p>&#8212; La diputada presidenta de la Comisi\u00f3n de Igualdad de G\u00e9nero, Gabriela Bernal Res\u00e9ndiz, conden\u00f3 el hecho que se suscit\u00f3 justo en el \u201cD\u00eda de la Mujer Mexicana\u201d Yasm\u00edn Garc\u00eda&hellip; <\/p>\n","protected":false},"author":4,"featured_media":57708,"comment_status":"open","ping_status":"open","sticky":false,"template":"","format":"standard","meta":{"fifu_image_url":"","fifu_image_alt":"","footnotes":""},"categories":[2],"tags":[],"class_list":["post-57707","post","type-post","status-publish","format-standard","has-post-thumbnail","hentry","category-congreso"],"_links":{"self":[{"href":"https:\/\/www.interaccionnoticias.com.mx\/index.php?rest_route=\/wp\/v2\/posts\/57707","targetHints":{"allow":["GET"]}}],"collection":[{"href":"https:\/\/www.interaccionnoticias.com.mx\/index.php?rest_route=\/wp\/v2\/posts"}],"about":[{"href":"https:\/\/www.interaccionnoticias.com.mx\/index.php?rest_route=\/wp\/v2\/types\/post"}],"author":[{"embeddable":true,"href":"https:\/\/www.interaccionnoticias.com.mx\/index.php?rest_route=\/wp\/v2\/users\/4"}],"replies":[{"embeddable":true,"href":"https:\/\/www.interaccionnoticias.com.mx\/index.php?rest_route=%2Fwp%2Fv2%2Fcomments&post=57707"}],"version-history":[{"count":1,"href":"https:\/\/www.interaccionnoticias.com.mx\/index.php?rest_route=\/wp\/v2\/posts\/57707\/revisions"}],"predecessor-version":[{"id":57709,"href":"https:\/\/www.interaccionnoticias.com.mx\/index.php?rest_route=\/wp\/v2\/posts\/57707\/revisions\/57709"}],"wp:featuredmedia":[{"embeddable":true,"href":"https:\/\/www.interaccionnoticias.com.mx\/index.php?rest_route=\/wp\/v2\/media\/57708"}],"wp:attachment":[{"href":"https:\/\/www.interaccionnoticias.com.mx\/index.php?rest_route=%2Fwp%2Fv2%2Fmedia&parent=57707"}],"wp:term":[{"taxonomy":"category","embeddable":true,"href":"https:\/\/www.interaccionnoticias.com.mx\/index.php?rest_route=%2Fwp%2Fv2%2Fcategories&post=57707"},{"taxonomy":"post_tag","embeddable":true,"href":"https:\/\/www.interaccionnoticias.com.mx\/index.php?rest_route=%2Fwp%2Fv2%2Ftags&post=57707"}],"curies":[{"name":"wp","href":"https:\/\/api.w.org\/{rel}","templated":true}]}}