{"id":57697,"date":"2023-02-16T16:40:44","date_gmt":"2023-02-16T22:40:44","guid":{"rendered":"https:\/\/interaccionnoticias.com.mx\/?p=57697"},"modified":"2023-02-16T16:40:49","modified_gmt":"2023-02-16T22:40:49","slug":"acapulco-vuelve-a-brillar-en-una-suma-de-esfuerzos-entre-gobierno-del-estado-y-municipio","status":"publish","type":"post","link":"https:\/\/www.interaccionnoticias.com.mx\/?p=57697","title":{"rendered":"Acapulco vuelve a brillar en una suma de esfuerzos entre gobierno del estado y municipio"},"content":{"rendered":"\n<p><strong><em>&#8212; La gobernadora Evelyn Salgado recibi\u00f3 en Casa Guerrero a la alcaldesa Abelina L\u00f3pez, con quien acordaron una agenda de trabajo com\u00fan por el desarrollo urbano, rural, social y de bienestar para Acapulco<\/em><\/strong><\/p>\n\n\n\n<p>C<strong>hilpancingo, Gro., 16 de febrero de 2023.- <\/strong>El puerto de Acapulco vuelve a brillar gracias a la suma de esfuerzos y el trabajo coordinado entre estado y municipio, coincidieron la gobernadora Evelyn Salgado Pineda y la alcaldesa Abelina L\u00f3pez Rodr\u00edguez, al sostener una reuni\u00f3n de trabajo y encuentro fraterno para la proyecci\u00f3n anual en rubros prioritarios y de bienestar para el puerto y sus habitantes.<\/p>\n\n\n\n<p>Este jueves en Casa Guerrero, la gobernadora recibi\u00f3 a la alcaldesa de Acapulco, para afinar en conjunto las acciones a emprender y a las que se dar\u00e1n continuidad en este 2023, en rubros prioritarios como bienestar social y desarrollo rural, as\u00ed como en materia urbana, hidrosanitaria y educativa para el municipio. La coincidencia de ambas mandatarias fue en el sentido de fortalecer la coordinaci\u00f3n para sumar recursos y ampliar proyectos en beneficio de las y los acapulque\u00f1os.<\/p>\n\n\n\n<p>\u00abLa confianza del pueblo es lo que nos motiva a seguir avanzando con paso firme en la ruta de la Cuarta Transformaci\u00f3n para Guerrero y Acapulco. Porque nuestra mayor coincidencia es la de trabajar con el coraz\u00f3n para servir a la gente\u00bb, destacaron.<\/p>\n\n\n\n<p>En la reuni\u00f3n ejecutiva participaron, del gabinete estatal el secretario general de Gobierno, Ludwig Marcial Reynoso N\u00fa\u00f1ez; la secretaria de Desarrollo Urbano, Obras P\u00fablicas y Ordenamiento Territorial, Irene Jim\u00e9nez Montiel; el secretario de Planeaci\u00f3n y Desarrollo Regional de Guerrero, Ren\u00e9 Vargas Pineda; la secretaria de Desarrollo y Bienestar Social, Mar\u00eda del Carmen Cabrera Lagunas; el secretario de Agricultura, Ganader\u00eda, Pesca y Desarrollo Rural, Alejandro Zepeda Castorena; el director general de la Comisi\u00f3n de Agua Potable, Alcantarillado y Saneamiento del Estado de Guerrero (Capaseg), Facundo Gast\u00e9lum F\u00e9lix; el director general de la Comisi\u00f3n de Infraestructura Carretera y Aeroportuaria del Estado de Guerrero (CICAEG), Mart\u00edn Vega Gonz\u00e1lez; el director general del Instituto Guerrerense de la Infraestructura F\u00edsica Educativa (IGIFE), H\u00e9ctor Oyorzabal Hern\u00e1ndez y el jefe de la Oficina de la Gobernadora, Jes\u00fas Uri\u00f3stegui Garc\u00eda.<\/p>\n\n\n\n<p>Por parte del gabinete municipal estuvieron la secretaria de Desarrollo Urbano y Obras P\u00fablicas, Luz Mar\u00eda Meraza Radilla; la directora de Desarrollo Rural, Sof\u00eda Rodr\u00edguez Mera; el ingeniero Julio Santos Garc\u00eda y el secretario privado de la presidenta municipal, \u00c1ngel Vargas.<\/p>\n","protected":false},"excerpt":{"rendered":"<p>&#8212; La gobernadora Evelyn Salgado recibi\u00f3 en Casa Guerrero a la alcaldesa Abelina L\u00f3pez, con quien acordaron una agenda de trabajo com\u00fan por el desarrollo urbano, rural, social y de&hellip; <\/p>\n","protected":false},"author":19,"featured_media":57698,"comment_status":"open","ping_status":"open","sticky":false,"template":"","format":"standard","meta":{"fifu_image_url":"","fifu_image_alt":"","footnotes":""},"categories":[242],"tags":[36,38,89],"class_list":["post-57697","post","type-post","status-publish","format-standard","has-post-thumbnail","hentry","category-acapulco","tag-abelina-lopez-rodriguez","tag-acapulco","tag-evelyn-salgado-pineda"],"_links":{"self":[{"href":"https:\/\/www.interaccionnoticias.com.mx\/index.php?rest_route=\/wp\/v2\/posts\/57697","targetHints":{"allow":["GET"]}}],"collection":[{"href":"https:\/\/www.interaccionnoticias.com.mx\/index.php?rest_route=\/wp\/v2\/posts"}],"about":[{"href":"https:\/\/www.interaccionnoticias.com.mx\/index.php?rest_route=\/wp\/v2\/types\/post"}],"author":[{"embeddable":true,"href":"https:\/\/www.interaccionnoticias.com.mx\/index.php?rest_route=\/wp\/v2\/users\/19"}],"replies":[{"embeddable":true,"href":"https:\/\/www.interaccionnoticias.com.mx\/index.php?rest_route=%2Fwp%2Fv2%2Fcomments&post=57697"}],"version-history":[{"count":1,"href":"https:\/\/www.interaccionnoticias.com.mx\/index.php?rest_route=\/wp\/v2\/posts\/57697\/revisions"}],"predecessor-version":[{"id":57699,"href":"https:\/\/www.interaccionnoticias.com.mx\/index.php?rest_route=\/wp\/v2\/posts\/57697\/revisions\/57699"}],"wp:featuredmedia":[{"embeddable":true,"href":"https:\/\/www.interaccionnoticias.com.mx\/index.php?rest_route=\/wp\/v2\/media\/57698"}],"wp:attachment":[{"href":"https:\/\/www.interaccionnoticias.com.mx\/index.php?rest_route=%2Fwp%2Fv2%2Fmedia&parent=57697"}],"wp:term":[{"taxonomy":"category","embeddable":true,"href":"https:\/\/www.interaccionnoticias.com.mx\/index.php?rest_route=%2Fwp%2Fv2%2Fcategories&post=57697"},{"taxonomy":"post_tag","embeddable":true,"href":"https:\/\/www.interaccionnoticias.com.mx\/index.php?rest_route=%2Fwp%2Fv2%2Ftags&post=57697"}],"curies":[{"name":"wp","href":"https:\/\/api.w.org\/{rel}","templated":true}]}}