{"id":5766,"date":"2017-06-26T16:59:04","date_gmt":"2017-06-26T21:59:04","guid":{"rendered":"http:\/\/www.inter-accion.com.mx\/?p=5766"},"modified":"2017-06-26T16:59:04","modified_gmt":"2017-06-26T21:59:04","slug":"dcos-exige-justicia-a-36-meses-de-desaparicion-de-normalistas-en-iguala","status":"publish","type":"post","link":"https:\/\/www.interaccionnoticias.com.mx\/?p=5766","title":{"rendered":"Organizaciones sociales exigen justicia a 36 meses de desaparici\u00f3n de 43 normalistas en Iguala"},"content":{"rendered":"<p>La Direcci\u00f3n Colectiva de Organizaciones Sociales (DCOS) realiz\u00f3 un mitin en el monumento a las banderas, a 36 meses de la desaparici\u00f3n de los 43 normalistas de Ayotzinapa en Iguala.<br \/>\nPasado el mediod\u00eda, arribaron al lugar representantes de la Coordinadora Estatal de Trabajadores de la Educaci\u00f3n en Guerrero (CETEG), junto con damnificados de la colonia \u201cEl Mirador\u201d, adem\u00e1s de pensionados de la Secretar\u00eda de Educaci\u00f3n Guerrero.<br \/>\nTambi\u00e9n se hizo presente el Sindicato de Trabajadores Acad\u00e9micos de la Universidad Aut\u00f3noma de Guerrero (STAUAG) y personal de la Comisi\u00f3n de Derechos Humanos del Estado de Guerrero (CDHEG) quienes acudieron en calidad de observadores.<br \/>\nEl dirigente de la Asamblea Popular de los Pueblos de Guerrero, Nicol\u00e1s Ch\u00e1vez Adame conden\u00f3 los hechos suscitados en Iguala, durante la noche del 26 y madrugada del 27 de septiembre, donde desaparecieron los 43 normalistas y dos m\u00e1s fueron asesinados a balazos.<br \/>\nCh\u00e1vez Adame, convoc\u00f3 al movimiento social a continuar movilizaciones y actividades para exigir el esclarecimiento de los sucesos ocurridos en Iguala, m\u00e1s la detenci\u00f3n de los responsables.<br \/>\nTambi\u00e9n lament\u00f3 que los padres de los normalistas desaparecidos, hayan sido agredidos f\u00edsica y verbalmente por elemento policiacos, cuando estos intentaban ingresar a la sede del 47 periodo ordinario de sesiones de la Asamblea General de la Organizaci\u00f3n de Estados Americanos (OEA).<br \/>\nLos miembros de la DCOS, pidieron al gobierno de H\u00e9ctor Astudillo Flores que de facilidades para que se pueda solucionar el tema de los damnificados por los eventos meteorol\u00f3gicos de Ingrid y Manuel en septiembre de 2013.<br \/>\nAdem\u00e1s de que las autoridades garanticen la actividad period\u00edstica en la entidad, ante los recientes ataques armados en contra de comunicadores, como sucedi\u00f3 con la locutora de radio Marcela de Jes\u00fas Natalio en Ometepec.<br \/>\nLa actividad culmin\u00f3 media hora despu\u00e9s, con un pase de lista de los nombres de los 43 estudiantes desaparecidos.<\/p>\n","protected":false},"excerpt":{"rendered":"<p>La Direcci\u00f3n Colectiva de Organizaciones Sociales (DCOS) realiz\u00f3 un mitin en el monumento a las banderas, a 36 meses de la desaparici\u00f3n de los 43 normalistas de Ayotzinapa en Iguala.&hellip; <\/p>\n","protected":false},"author":1,"featured_media":0,"comment_status":"closed","ping_status":"closed","sticky":false,"template":"","format":"standard","meta":{"fifu_image_url":"","fifu_image_alt":"","footnotes":""},"categories":[8,15],"tags":[],"class_list":["post-5766","post","type-post","status-publish","format-standard","hentry","category-featured","category-movimientos-sociales"],"_links":{"self":[{"href":"https:\/\/www.interaccionnoticias.com.mx\/index.php?rest_route=\/wp\/v2\/posts\/5766","targetHints":{"allow":["GET"]}}],"collection":[{"href":"https:\/\/www.interaccionnoticias.com.mx\/index.php?rest_route=\/wp\/v2\/posts"}],"about":[{"href":"https:\/\/www.interaccionnoticias.com.mx\/index.php?rest_route=\/wp\/v2\/types\/post"}],"author":[{"embeddable":true,"href":"https:\/\/www.interaccionnoticias.com.mx\/index.php?rest_route=\/wp\/v2\/users\/1"}],"replies":[{"embeddable":true,"href":"https:\/\/www.interaccionnoticias.com.mx\/index.php?rest_route=%2Fwp%2Fv2%2Fcomments&post=5766"}],"version-history":[{"count":0,"href":"https:\/\/www.interaccionnoticias.com.mx\/index.php?rest_route=\/wp\/v2\/posts\/5766\/revisions"}],"wp:attachment":[{"href":"https:\/\/www.interaccionnoticias.com.mx\/index.php?rest_route=%2Fwp%2Fv2%2Fmedia&parent=5766"}],"wp:term":[{"taxonomy":"category","embeddable":true,"href":"https:\/\/www.interaccionnoticias.com.mx\/index.php?rest_route=%2Fwp%2Fv2%2Fcategories&post=5766"},{"taxonomy":"post_tag","embeddable":true,"href":"https:\/\/www.interaccionnoticias.com.mx\/index.php?rest_route=%2Fwp%2Fv2%2Ftags&post=5766"}],"curies":[{"name":"wp","href":"https:\/\/api.w.org\/{rel}","templated":true}]}}