{"id":57644,"date":"2023-02-15T15:36:25","date_gmt":"2023-02-15T21:36:25","guid":{"rendered":"https:\/\/interaccionnoticias.com.mx\/?p=57644"},"modified":"2023-02-15T15:36:30","modified_gmt":"2023-02-15T21:36:30","slug":"bloquean-la-carretera-igualapa-ometepec-para-exigir-la-busqueda-de-estudiante-desaparecida","status":"publish","type":"post","link":"https:\/\/www.interaccionnoticias.com.mx\/?p=57644","title":{"rendered":"Bloquean la carretera Igualapa-Ometepec para exigir la b\u00fasqueda de estudiante desaparecida"},"content":{"rendered":"\n<p><strong><em>&#8212; Estudiante de Derecho no es localizada despu\u00e9s de abordar un taxi<\/em><\/strong><\/p>\n\n\n\n<p>Eduardo Yener Santos \/ Chilpancingo 15 de febrero<\/p>\n\n\n\n<p>Amigos y familiares de la joven Karen Melissa Pe\u00f1aloza Mart\u00ednez, desaparecida desde el 31 de enero en Chilpancingo, mantienen un bloqueo en la v\u00eda Igualapa- Ometepec, exigen a las autoridades del que agilicen las investigaciones para dar con el paradero de la estudiante de Derecho de la Universidad Aut\u00f3noma de Guerrero (Uagro).<\/p>\n\n\n\n<p>Desde las 12:00 horas de este mi\u00e9rcoles, m\u00e1s de 50 personas permanecen boqueando el crucero de San Juan de los Llanos, municipio de Igualapa, municipio ubicado en la Costa Chica de Guerrero y se impide el paso a los automovilistas que se dirigen hacia Ometepec.<\/p>\n\n\n\n<p>La exigencia de los manifestantes es la localizaci\u00f3n con vida de la joven que este mi\u00e9rcoles cumple 16 d\u00edas desaparecida y sus familiares desconocen su paradero<\/p>\n\n\n\n<p>Karen Melissa Pe\u00f1aloza Mart\u00ednez, de 20 a\u00f1os de edad es estudiante de la escuela de Derecho de la UAGro, originaria del municipio de Cuajinicuilapa y radica en Chilpancingo porque aqu\u00ed cursa su carrera profesional.<\/p>\n\n\n\n<p>Ella desapareci\u00f3 el 31 de enero en Chilpancingo, cuando abord\u00f3 un taxi para dirigirse hacia el sur de la ciudad.<\/p>\n\n\n\n<p>Hasta el momento se conoce que las autoridades han emitido una alerta de b\u00fasqueda bajp el Protocolo Violeta, para dar con su paradero y regresarla con su familia.<\/p>\n","protected":false},"excerpt":{"rendered":"<p>&#8212; Estudiante de Derecho no es localizada despu\u00e9s de abordar un taxi Eduardo Yener Santos \/ Chilpancingo 15 de febrero Amigos y familiares de la joven Karen Melissa Pe\u00f1aloza Mart\u00ednez,&hellip; <\/p>\n","protected":false},"author":31,"featured_media":57645,"comment_status":"open","ping_status":"open","sticky":false,"template":"","format":"standard","meta":{"fifu_image_url":"","fifu_image_alt":"","footnotes":""},"categories":[29],"tags":[],"class_list":["post-57644","post","type-post","status-publish","format-standard","has-post-thumbnail","hentry","category-sociedad"],"_links":{"self":[{"href":"https:\/\/www.interaccionnoticias.com.mx\/index.php?rest_route=\/wp\/v2\/posts\/57644","targetHints":{"allow":["GET"]}}],"collection":[{"href":"https:\/\/www.interaccionnoticias.com.mx\/index.php?rest_route=\/wp\/v2\/posts"}],"about":[{"href":"https:\/\/www.interaccionnoticias.com.mx\/index.php?rest_route=\/wp\/v2\/types\/post"}],"author":[{"embeddable":true,"href":"https:\/\/www.interaccionnoticias.com.mx\/index.php?rest_route=\/wp\/v2\/users\/31"}],"replies":[{"embeddable":true,"href":"https:\/\/www.interaccionnoticias.com.mx\/index.php?rest_route=%2Fwp%2Fv2%2Fcomments&post=57644"}],"version-history":[{"count":1,"href":"https:\/\/www.interaccionnoticias.com.mx\/index.php?rest_route=\/wp\/v2\/posts\/57644\/revisions"}],"predecessor-version":[{"id":57646,"href":"https:\/\/www.interaccionnoticias.com.mx\/index.php?rest_route=\/wp\/v2\/posts\/57644\/revisions\/57646"}],"wp:featuredmedia":[{"embeddable":true,"href":"https:\/\/www.interaccionnoticias.com.mx\/index.php?rest_route=\/wp\/v2\/media\/57645"}],"wp:attachment":[{"href":"https:\/\/www.interaccionnoticias.com.mx\/index.php?rest_route=%2Fwp%2Fv2%2Fmedia&parent=57644"}],"wp:term":[{"taxonomy":"category","embeddable":true,"href":"https:\/\/www.interaccionnoticias.com.mx\/index.php?rest_route=%2Fwp%2Fv2%2Fcategories&post=57644"},{"taxonomy":"post_tag","embeddable":true,"href":"https:\/\/www.interaccionnoticias.com.mx\/index.php?rest_route=%2Fwp%2Fv2%2Ftags&post=57644"}],"curies":[{"name":"wp","href":"https:\/\/api.w.org\/{rel}","templated":true}]}}