{"id":57632,"date":"2023-02-15T11:11:28","date_gmt":"2023-02-15T17:11:28","guid":{"rendered":"https:\/\/interaccionnoticias.com.mx\/?p=57632"},"modified":"2023-02-15T11:11:33","modified_gmt":"2023-02-15T17:11:33","slug":"grupo-cuicalli-tunde-a-dirigentes-del-prd-por-no-ser-una-oposicion-firme","status":"publish","type":"post","link":"https:\/\/www.interaccionnoticias.com.mx\/?p=57632","title":{"rendered":"Grupo Cuicalli \u00abtunde\u00bb a dirigentes del PRD por no ser una oposici\u00f3n firme"},"content":{"rendered":"\n<p><strong><em>&#8212; Solamente se limita a realizar se\u00f1alamientos<\/em><\/strong><\/p>\n\n\n\n<p><strong>Yasm\u00edn Garc\u00eda Chino<\/strong><\/p>\n\n\n\n<p><strong>Chilpancingo, Gro., a 15 de febrero 2023.-<\/strong> Integrantes de Grupo Cuicalli A.C reprocharon a dirigentes del PRD-Guerrero la falta de contundencia mostrada frente al Gobierno de la Rep\u00fablica, pues se\u00f1alan que no han sabido ser oposici\u00f3n.<\/p>\n\n\n\n<p>A la sesi\u00f3n de la Asociaci\u00f3n Civil asistieron Evodio Vel\u00e1zquez Aguirre, ex alcalde de Acapulco y Alberto Catal\u00e1n Bastida, presidente del Comit\u00e9 Ejecutivo Estatal (CEE), adem\u00e1s de Fernando Calixto, presidente del Comit\u00e9 Municipal en Chilpancingo.<\/p>\n\n\n\n<p>Adolfo Chavez, presidente del Grupo Cuicalli recrimin\u00f3 a los perredistas no ser oposici\u00f3n para los gobiernos federal y estatal, pues refiri\u00f3 que no existen acciones contundentes, \u00absolo hacen se\u00f1alamientos\u00bb.<\/p>\n\n\n\n<p>En su participaci\u00f3n, Alberto Catal\u00e1n Bastida dirigente del CEE del partido del sol azteca, dijo que han se\u00f1alado los errores cometidos por la inexperiencia de personajes colocados en puestos claves para la toma de decisiones.<\/p>\n\n\n\n<p>\u00abVemos como no hay un plan de desarrollo a m\u00e1s de un a\u00f1o, hay conflictos internos entre los grupos pol\u00edticos de Morena que afecta al poder ejecutivo\u00bb, asegur\u00f3.<\/p>\n\n\n\n<p>Catal\u00e1n Bastida puso como ejemplo el reciente altercado entre la alcaldesa de Acapulco Abelina L\u00f3pez Rodr\u00edguez y escoltas de la gobernadora del estado Evelyn Salgado Pineda, en un evento public\u00f3 en donde no se le permit\u00eda el paso a la jefa de Cabildo.<\/p>\n\n\n\n<p>En torno a la inseguridad que prevalece en la entidad, el perredista record\u00f3 que el PRD ha pedido la renuncia de funcionarios como el Secretario de Seguridad P\u00fablica (SSP), Evelio M\u00e9ndez G\u00f3mez y de la Fiscal General del Estado, Sandra Luz Valdovinos Salmer\u00f3n, por los escasos resultados que han aportado.<\/p>\n\n\n\n<div class=\"wp-block-jetpack-tiled-gallery aligncenter is-style-rectangular\"><div class=\"tiled-gallery__gallery\"><div class=\"tiled-gallery__row\"><div class=\"tiled-gallery__col\" style=\"flex-basis:66.78744%\"><figure class=\"tiled-gallery__item\"><img decoding=\"async\" alt=\"\" data-height=\"750\" data-id=\"57633\" data-link=\"https:\/\/interaccionnoticias.com.mx\/?attachment_id=57633\" data-url=\"https:\/\/interaccionnoticias.com.mx\/wp-content\/uploads\/2023\/02\/230215-Grupo-Cuicalli-2-1024x683.jpg\" data-width=\"1125\" src=\"https:\/\/i2.wp.com\/www.interaccionnoticias.com.mx\/wp-content\/uploads\/2023\/02\/230215-Grupo-Cuicalli-2-1024x683.jpg\" data-amp-layout=\"responsive\"\/><\/figure><\/div><div class=\"tiled-gallery__col\" style=\"flex-basis:33.21256%\"><figure class=\"tiled-gallery__item\"><img decoding=\"async\" alt=\"\" data-height=\"750\" data-id=\"57634\" data-link=\"https:\/\/interaccionnoticias.com.mx\/?attachment_id=57634\" data-url=\"https:\/\/interaccionnoticias.com.mx\/wp-content\/uploads\/2023\/02\/230215-Grupo-Cuicalli-3-1024x683.jpg\" data-width=\"1125\" src=\"https:\/\/i0.wp.com\/www.interaccionnoticias.com.mx\/wp-content\/uploads\/2023\/02\/230215-Grupo-Cuicalli-3-1024x683.jpg\" data-amp-layout=\"responsive\"\/><\/figure><figure class=\"tiled-gallery__item\"><img decoding=\"async\" alt=\"\" data-height=\"750\" data-id=\"57635\" data-link=\"https:\/\/interaccionnoticias.com.mx\/?attachment_id=57635\" data-url=\"https:\/\/interaccionnoticias.com.mx\/wp-content\/uploads\/2023\/02\/230215-Grupo-Cuicalli-1-1024x683.jpg\" data-width=\"1125\" src=\"https:\/\/i2.wp.com\/www.interaccionnoticias.com.mx\/wp-content\/uploads\/2023\/02\/230215-Grupo-Cuicalli-1-1024x683.jpg\" data-amp-layout=\"responsive\"\/><\/figure><\/div><\/div><\/div><\/div>\n","protected":false},"excerpt":{"rendered":"<p>&#8212; Solamente se limita a realizar se\u00f1alamientos Yasm\u00edn Garc\u00eda Chino Chilpancingo, Gro., a 15 de febrero 2023.- Integrantes de Grupo Cuicalli A.C reprocharon a dirigentes del PRD-Guerrero la falta de&hellip; <\/p>\n","protected":false},"author":4,"featured_media":57633,"comment_status":"open","ping_status":"open","sticky":false,"template":"","format":"standard","meta":{"fifu_image_url":"","fifu_image_alt":"","footnotes":""},"categories":[29],"tags":[],"class_list":["post-57632","post","type-post","status-publish","format-standard","has-post-thumbnail","hentry","category-sociedad"],"_links":{"self":[{"href":"https:\/\/www.interaccionnoticias.com.mx\/index.php?rest_route=\/wp\/v2\/posts\/57632","targetHints":{"allow":["GET"]}}],"collection":[{"href":"https:\/\/www.interaccionnoticias.com.mx\/index.php?rest_route=\/wp\/v2\/posts"}],"about":[{"href":"https:\/\/www.interaccionnoticias.com.mx\/index.php?rest_route=\/wp\/v2\/types\/post"}],"author":[{"embeddable":true,"href":"https:\/\/www.interaccionnoticias.com.mx\/index.php?rest_route=\/wp\/v2\/users\/4"}],"replies":[{"embeddable":true,"href":"https:\/\/www.interaccionnoticias.com.mx\/index.php?rest_route=%2Fwp%2Fv2%2Fcomments&post=57632"}],"version-history":[{"count":1,"href":"https:\/\/www.interaccionnoticias.com.mx\/index.php?rest_route=\/wp\/v2\/posts\/57632\/revisions"}],"predecessor-version":[{"id":57636,"href":"https:\/\/www.interaccionnoticias.com.mx\/index.php?rest_route=\/wp\/v2\/posts\/57632\/revisions\/57636"}],"wp:featuredmedia":[{"embeddable":true,"href":"https:\/\/www.interaccionnoticias.com.mx\/index.php?rest_route=\/wp\/v2\/media\/57633"}],"wp:attachment":[{"href":"https:\/\/www.interaccionnoticias.com.mx\/index.php?rest_route=%2Fwp%2Fv2%2Fmedia&parent=57632"}],"wp:term":[{"taxonomy":"category","embeddable":true,"href":"https:\/\/www.interaccionnoticias.com.mx\/index.php?rest_route=%2Fwp%2Fv2%2Fcategories&post=57632"},{"taxonomy":"post_tag","embeddable":true,"href":"https:\/\/www.interaccionnoticias.com.mx\/index.php?rest_route=%2Fwp%2Fv2%2Ftags&post=57632"}],"curies":[{"name":"wp","href":"https:\/\/api.w.org\/{rel}","templated":true}]}}